{"id":264202,"date":"2026-08-30T11:51:15","date_gmt":"2026-08-30T11:51:15","guid":{"rendered":"https:\/\/www.europesays.com\/ee\/264202\/"},"modified":"2026-08-30T11:51:15","modified_gmt":"2026-08-30T11:51:15","slug":"kuprose-lahedal-laks-umber-reisilaev-258-inimesega-pardal","status":"publish","type":"post","link":"https:\/\/www.europesays.com\/ee\/264202\/","title":{"rendered":"K\u00fcprose l\u00e4hedal l\u00e4ks \u00fcmber reisilaev 258 inimesega pardal"},"content":{"rendered":"<p class=\"western\">Pardal oli 258 inimest, teatavad P\u00f5hja-K\u00fcprose v\u00f5imud. \u00d5nnetus toimus peagi p\u00e4rast sadamast v\u00e4ljumist. Laev Express Passenger Ship kuulus ettev\u00f5ttele Filo Jet ning l\u00e4ks \u00fcmber rannikust umbes 2-3 kilomeetri kaugusel. Elluj\u00e4\u00e4nud reisijad j\u00e4id kummulil\u00e4inud laeva p\u00f5hjale p\u00e4\u00e4stmist ootama. Kohalike v\u00f5imude teatel on neil infot 159 inimese p\u00e4\u00e4semisest.<\/p>\n<p class=\"western\">Laev asus teele okupeeritud P\u00f5hja-K\u00fcproselt Kyrenia (Girne) sadamast, mida kontrollivad tunnustamata T\u00fcrgi-meelsed v\u00f5imud. Laev oli teel T\u00fcrgisse Ta\u015fucu sadamasse. Esialgsetel andmetel oli tegu katamaraan-t\u00fc\u00fcpi alusega, mis ei pruukinud v\u00e4idetavalt olla merek\u00f5lblik. T\u00fcrgikeelse meedia teatel oli s\u00f5iduk vana ning laevakere sai \u00f5nnetuses t\u00f5siselt vigastada, murdudes kiiresti pooleks.<\/p>\n<p class=\"western\">Videomaterjalist paistab, et laevalviibinud olid h\u00e4daolukorrast ette teadlikud ning enamik laevakerele elluj\u00e4\u00e4nud inimesi olid varustatud p\u00e4\u00e4stevestidega. Esimeste p\u00e4\u00e4stetute hulka kuulunud inimesed r\u00e4\u00e4kisid t\u00fcrgikeelsele meediale, et reisijad n\u00f5udsid ohtu m\u00e4rgates kaptenilt sadamasse tagasip\u00f6\u00f6rdumist, kuid see keeldus.<\/p>\n<p>Kohal viibivad T\u00fcrgi ja P\u00f5hja-K\u00fcprose rannavalve laevad ja helikopter, p\u00e4\u00e4stet\u00f6id abistavad ka piirkonnas viibivad eralaevad.<\/p>\n<p class=\"western\">P\u00e4ev varem oli piirkonnas puhkenud tugev torm, mis uputas v\u00e4hemalt kolm v\u00e4iksemat alust.<\/p>\n<p>Kuidas see lugu Sind end tundma pani?Saada<a href=\"https:\/\/www.delfi.ee\/artikkel\/120607070\/kuprose-lahedal-hukkus-reisilaev-279-inimesega-pardal\/kommentaarid\" class=\"button button--primary button--size-auto article-body-bottom__comment article-body-bottom__comment--write\" style=\"\" rel=\"nofollow noopener\" target=\"_blank\">Kommenteeri<\/a><a href=\"https:\/\/www.delfi.ee\/artikkel\/120607070\/kuprose-lahedal-hukkus-reisilaev-279-inimesega-pardal\/kommentaarid\" class=\"button button--size-auto article-body-bottom__comment article-body-bottom__comment--read\" style=\"\" rel=\"nofollow noopener\" target=\"_blank\">Loe kommentaare (24)<\/a><\/p>\n","protected":false},"excerpt":{"rendered":"Pardal oli 258 inimest, teatavad P\u00f5hja-K\u00fcprose v\u00f5imud. \u00d5nnetus toimus peagi p\u00e4rast sadamast v\u00e4ljumist. Laev Express Passenger Ship kuulus&hellip;\n","protected":false},"author":2,"featured_media":264203,"comment_status":"","ping_status":"","sticky":false,"template":"","format":"standard","meta":{"footnotes":"","_share_on_mastodon":"0"},"categories":[80],"tags":[687,679,667,26,27,673,688,663,662,37,33,35,684,683,692,34,36,31,32,208,148,21,206,668,669,381,686,677,694,691,339,680,28,29,671,95,672,377,690,144,678,665,19,693,676,666,25,322,664,150,695,685,159,394,682,674,675,23,24,689,222,22,20,670,681,149,30,92,93,94],"class_list":["post-264202","post","type-post","status-publish","format-standard","has-post-thumbnail","category-maailm","tag-ajaviide","tag-autoleht","tag-blog","tag-breaking-news","tag-breakingnews","tag-cv","tag-date","tag-defli","tag-delfi","tag-ee","tag-eesti","tag-eesti-keel","tag-ekaart","tag-email","tag-erootika","tag-estonia","tag-estonian","tag-featured-news","tag-featurednews","tag-film","tag-foto","tag-headlines","tag-horoskoop","tag-ilm","tag-ilmaennustus","tag-internet","tag-kaart","tag-kava","tag-kindlustus","tag-kinnisvara","tag-kuulutused","tag-lasteleht","tag-latest-news","tag-latestnews","tag-loto","tag-maailm","tag-majandus","tag-mangud","tag-mobiil","tag-muusika","tag-naisteleht","tag-naljad","tag-news","tag-otsing","tag-pank","tag-pilt","tag-populaarseimad-lood","tag-raadio","tag-reklaam","tag-seks","tag-sms","tag-solo","tag-sport","tag-tarkvara","tag-tasuta","tag-too","tag-toopakkumised","tag-top-stories","tag-topstories","tag-tutvus","tag-tv","tag-uldised-uudised","tag-uudised","tag-valimised","tag-valuuta","tag-video","tag-viimased-uudised","tag-world","tag-world-news","tag-worldnews"],"share_on_mastodon":{"url":"","error":"Validation failed: Text character limit of 500 exceeded"},"_links":{"self":[{"href":"https:\/\/www.europesays.com\/ee\/wp-json\/wp\/v2\/posts\/264202","targetHints":{"allow":["GET"]}}],"collection":[{"href":"https:\/\/www.europesays.com\/ee\/wp-json\/wp\/v2\/posts"}],"about":[{"href":"https:\/\/www.europesays.com\/ee\/wp-json\/wp\/v2\/types\/post"}],"author":[{"embeddable":true,"href":"https:\/\/www.europesays.com\/ee\/wp-json\/wp\/v2\/users\/2"}],"replies":[{"embeddable":true,"href":"https:\/\/www.europesays.com\/ee\/wp-json\/wp\/v2\/comments?post=264202"}],"version-history":[{"count":0,"href":"https:\/\/www.europesays.com\/ee\/wp-json\/wp\/v2\/posts\/264202\/revisions"}],"wp:featuredmedia":[{"embeddable":true,"href":"https:\/\/www.europesays.com\/ee\/wp-json\/wp\/v2\/media\/264203"}],"wp:attachment":[{"href":"https:\/\/www.europesays.com\/ee\/wp-json\/wp\/v2\/media?parent=264202"}],"wp:term":[{"taxonomy":"category","embeddable":true,"href":"https:\/\/www.europesays.com\/ee\/wp-json\/wp\/v2\/categories?post=264202"},{"taxonomy":"post_tag","embeddable":true,"href":"https:\/\/www.europesays.com\/ee\/wp-json\/wp\/v2\/tags?post=264202"}],"curies":[{"name":"wp","href":"https:\/\/api.w.org\/{rel}","templated":true}]}}