{"id":264212,"date":"2026-08-30T12:26:15","date_gmt":"2026-08-30T12:26:15","guid":{"rendered":"https:\/\/www.europesays.com\/ee\/264212\/"},"modified":"2026-08-30T12:26:15","modified_gmt":"2026-08-30T12:26:15","slug":"pohja-kuprose-lahistel-laks-umber-ligi-270-inimesega-reisilaev","status":"publish","type":"post","link":"https:\/\/www.europesays.com\/ee\/264212\/","title":{"rendered":"P\u00f5hja-K\u00fcprose l\u00e4histel l\u00e4ks \u00fcmber ligi 270 inimesega reisilaev"},"content":{"rendered":"<p>P\u00f5hja-K\u00fcprose ranniku l\u00e4hedal l\u00e4ks p\u00fchap\u00e4eval \u00fcmber reisilaev, mille pardal oli umbes 270 inimest. K\u00e4imas on ulatuslik otsingu- ja p\u00e4\u00e4steoperatsioon, teatasid T\u00fcrgi-K\u00fcprose meediakanalid, vahendab <a target=\"_blank\" rel=\"noopener noreferrer nofollow\" href=\"https:\/\/www.reuters.com\/world\/europe\/boat-with-around-270-people-capsizes-off-north-cyprus-media-says-2026-08-30\/\">Reuters<\/a>.<\/p>\n<p>K\u00fcprose p\u00f5hjaosas asuva Kyrenia linna linnapea Murat \u015eenkul \u00fctles telekanalile CNN T\u00fcrk, et laeval olnud 258 reisijast on p\u00e4\u00e4stjatega kontakti saadud 159.<\/p>\n","protected":false},"excerpt":{"rendered":"P\u00f5hja-K\u00fcprose ranniku l\u00e4hedal l\u00e4ks p\u00fchap\u00e4eval \u00fcmber reisilaev, mille pardal oli umbes 270 inimest. K\u00e4imas on ulatuslik otsingu- ja&hellip;\n","protected":false},"author":2,"featured_media":264213,"comment_status":"","ping_status":"","sticky":false,"template":"","format":"standard","meta":{"footnotes":"","_share_on_mastodon":"0"},"categories":[5],"tags":[26,27,37,33,35,34,36,31,32,21,102664,9633,102660,28,29,5381,94648,19,102662,56958,25,31302,102663,102661,23,24,329,22,20,30],"class_list":["post-264212","post","type-post","status-publish","format-standard","has-post-thumbnail","category-uldised-uudised","tag-breaking-news","tag-breakingnews","tag-ee","tag-eesti","tag-eesti-keel","tag-estonia","tag-estonian","tag-featured-news","tag-featurednews","tag-headlines","tag-katamaraan","tag-kupros","tag-kyrenia","tag-latest-news","tag-latestnews","tag-merepaaste","tag-merereisid","tag-news","tag-otsingu-ja-paasteoperatsioon","tag-pohja-kupros","tag-populaarseimad-lood","tag-rannavalve","tag-reisilaevaonnetus","tag-tasucu","tag-top-stories","tag-topstories","tag-turgi","tag-uldised-uudised","tag-uudised","tag-viimased-uudised"],"share_on_mastodon":{"url":"https:\/\/pubeurope.com\/@ee\/117184455271459949","error":""},"_links":{"self":[{"href":"https:\/\/www.europesays.com\/ee\/wp-json\/wp\/v2\/posts\/264212","targetHints":{"allow":["GET"]}}],"collection":[{"href":"https:\/\/www.europesays.com\/ee\/wp-json\/wp\/v2\/posts"}],"about":[{"href":"https:\/\/www.europesays.com\/ee\/wp-json\/wp\/v2\/types\/post"}],"author":[{"embeddable":true,"href":"https:\/\/www.europesays.com\/ee\/wp-json\/wp\/v2\/users\/2"}],"replies":[{"embeddable":true,"href":"https:\/\/www.europesays.com\/ee\/wp-json\/wp\/v2\/comments?post=264212"}],"version-history":[{"count":0,"href":"https:\/\/www.europesays.com\/ee\/wp-json\/wp\/v2\/posts\/264212\/revisions"}],"wp:featuredmedia":[{"embeddable":true,"href":"https:\/\/www.europesays.com\/ee\/wp-json\/wp\/v2\/media\/264213"}],"wp:attachment":[{"href":"https:\/\/www.europesays.com\/ee\/wp-json\/wp\/v2\/media?parent=264212"}],"wp:term":[{"taxonomy":"category","embeddable":true,"href":"https:\/\/www.europesays.com\/ee\/wp-json\/wp\/v2\/categories?post=264212"},{"taxonomy":"post_tag","embeddable":true,"href":"https:\/\/www.europesays.com\/ee\/wp-json\/wp\/v2\/tags?post=264212"}],"curies":[{"name":"wp","href":"https:\/\/api.w.org\/{rel}","templated":true}]}}