{"id":264216,"date":"2026-08-30T12:34:07","date_gmt":"2026-08-30T12:34:07","guid":{"rendered":"https:\/\/www.europesays.com\/ee\/264216\/"},"modified":"2026-08-30T12:34:07","modified_gmt":"2026-08-30T12:34:07","slug":"pohja-kuprose-ranniku-lahistel-laks-umber-reisiparvlaev-valismaa","status":"publish","type":"post","link":"https:\/\/www.europesays.com\/ee\/264216\/","title":{"rendered":"P\u00f5hja-K\u00fcprose ranniku l\u00e4histel l\u00e4ks \u00fcmber reisiparvlaev | V\u00e4lismaa"},"content":{"rendered":"<p>K\u00fcprose p\u00f5hjapoolse ranniku l\u00e4histel l\u00e4ks p\u00fchap\u00e4eval vahetult p\u00e4rast sadamast lahkumist \u00fcmber reisiparvlaev, teatasid kohalikud v\u00f5imud; esialgu pole teada, kas \u00f5nnetuses oli kannatanuid.<\/p>\n<p>&#8220;Tehakse k\u00f5ik vajalikud ettevalmistused p\u00e4\u00e4ste- ja tervishoiuteenistuste kiireks reageerimiseks,&#8221; seisis K\u00fcprose jagatud saare p\u00f5hjapoolset kolmandikku haldava P\u00f5hja-K\u00fcprose T\u00fcrgi Vabariigi tervishoiuministeeriumi avalduses.<\/p>\n<p>K\u00fcprose ajalehe Cyprus Mail kohaselt oli laeva pardal ligikaudu 270 inimest.<\/p>\n","protected":false},"excerpt":{"rendered":"K\u00fcprose p\u00f5hjapoolse ranniku l\u00e4histel l\u00e4ks p\u00fchap\u00e4eval vahetult p\u00e4rast sadamast lahkumist \u00fcmber reisiparvlaev, teatasid kohalikud v\u00f5imud; esialgu pole teada,&hellip;\n","protected":false},"author":2,"featured_media":264217,"comment_status":"","ping_status":"","sticky":false,"template":"","format":"standard","meta":{"footnotes":"","_share_on_mastodon":"0"},"categories":[14],"tags":[131,130,37,33,35,34,36,9633,10929],"class_list":["post-264216","post","type-post","status-publish","format-standard","has-post-thumbnail","category-ari","tag-ari","tag-business","tag-ee","tag-eesti","tag-eesti-keel","tag-estonia","tag-estonian","tag-kupros","tag-laevaonnetus"],"share_on_mastodon":{"url":"","error":""},"_links":{"self":[{"href":"https:\/\/www.europesays.com\/ee\/wp-json\/wp\/v2\/posts\/264216","targetHints":{"allow":["GET"]}}],"collection":[{"href":"https:\/\/www.europesays.com\/ee\/wp-json\/wp\/v2\/posts"}],"about":[{"href":"https:\/\/www.europesays.com\/ee\/wp-json\/wp\/v2\/types\/post"}],"author":[{"embeddable":true,"href":"https:\/\/www.europesays.com\/ee\/wp-json\/wp\/v2\/users\/2"}],"replies":[{"embeddable":true,"href":"https:\/\/www.europesays.com\/ee\/wp-json\/wp\/v2\/comments?post=264216"}],"version-history":[{"count":0,"href":"https:\/\/www.europesays.com\/ee\/wp-json\/wp\/v2\/posts\/264216\/revisions"}],"wp:featuredmedia":[{"embeddable":true,"href":"https:\/\/www.europesays.com\/ee\/wp-json\/wp\/v2\/media\/264217"}],"wp:attachment":[{"href":"https:\/\/www.europesays.com\/ee\/wp-json\/wp\/v2\/media?parent=264216"}],"wp:term":[{"taxonomy":"category","embeddable":true,"href":"https:\/\/www.europesays.com\/ee\/wp-json\/wp\/v2\/categories?post=264216"},{"taxonomy":"post_tag","embeddable":true,"href":"https:\/\/www.europesays.com\/ee\/wp-json\/wp\/v2\/tags?post=264216"}],"curies":[{"name":"wp","href":"https:\/\/api.w.org\/{rel}","templated":true}]}}