{"id":264218,"date":"2026-08-30T12:36:34","date_gmt":"2026-08-30T12:36:34","guid":{"rendered":"https:\/\/www.europesays.com\/ee\/264218\/"},"modified":"2026-08-30T12:36:34","modified_gmt":"2026-08-30T12:36:34","slug":"isamaa-keskerakond-ja-ekre-teatasid-et-tahavad-valitsuse-kukutada-et-saaks-korraldada-erakorralised-valimised","status":"publish","type":"post","link":"https:\/\/www.europesays.com\/ee\/264218\/","title":{"rendered":"Isamaa, Keskerakond ja EKRE teatasid, et tahavad valitsuse kukutada, et saaks korraldada erakorralised valimised"},"content":{"rendered":"<p>\u201eVajalikke otsuseid, mis puudutavad demograafiat, riigi rahandust, tervishoidu ning muid elut\u00e4htsaid valdkondi, l\u00fckkab valitsus edasi, viidates sellele, et need kuuluvad juba valimistej\u00e4rgse valitsuse p\u00e4devusse,\u201c m\u00e4rkis Isamaa volikogu oma poliitilises avalduses. \u201eHuviorganisatsioonid ning majandusavalikkus soovivad oma ettepanekutes saada selgust p\u00e4rast pikaajalist segadust ning dialoogi puudumist.\u201c<\/p>\n<p>Avalduses \u00f6eldakse, et Eestit ootavad ees kriitilised l\u00e4bir\u00e4\u00e4kimised Euroopa Liidu pikaajalise eelarveraamistiku \u00fcle, mille puhul ametist lahkuv valitsus kavandab veel enne valimisi kujundada seitsmeks aastaks siduvaid otsuseid.<\/p>\n<p>\u201eEes ootab riigieelarve koostamise protsess, kus valitsuse varasema k\u00e4ekirja j\u00e4rgi v\u00f5ib eeldada, et rahanduslike probleemidega tegelemine l\u00fckatakse j\u00e4rjekordselt valimistej\u00e4rgsesse aega ja riigiv\u00f5lg kasvab pidurdamatult,\u201c nentis volikogu.<\/p>\n<p>\u201eReedel andis riigikontroll h\u00e4vitava hinnangu olukorrale kaitsevaldkonna rahaasjades. Sellises olukorras pole m\u00f5tet raisata poolt aastat Reformierakonna poliitika pikendamiseks. Isamaa teeb k\u00f5igile riigikogu erakondadele ja s\u00f5ltumatutele saadikutele ettepaneku alustada konsultatsioone eesm\u00e4rgiga viia venitusteta l\u00e4bi p\u00f5hiseaduses s\u00e4testatult uued, ennet\u00e4htaegsed riigikogu valimised. Selle k\u00e4ivitamiseks on asjakohane vastavalt p\u00f5hiseadusele avaldada Kristen Michali valitsusele umbusaldust.\u201c<\/p>\n<p>T\u00f5detakse, et see eeldab sisulist pingutust parlamendi enamuse saavutamiseks. \u201eKutsume parlamendiliikmeid k\u00f5igist j\u00f5ududest seda ettepanekut avatult arutama ja toetama. Selleks, et Eesti saaks liikuda edasi, peab Michali valitsus astuma tagasi. Uued valimised on algus usalduse taastamiseks ning koht ausaks kodanike tagasisideks ja tulevikuootuste m\u00e4\u00e4ratlemiseks.\u201c<\/p>\n<p>Volikogul k\u00f5ne pidanud Isamaa juht Urmas Reinsalu lausus, et p\u00fcstistart tuleb teha j\u00f5ududel, keda inimesed usaldavad uut lehek\u00fclge p\u00f6\u00f6rama. \u201eSelleks valmistub Isamaa programmit\u00f6\u00f6s. Lisaks tavap\u00e4rasele programmile vajame 100 p\u00e4eva t\u00f6\u00f6kava, et venitusteta rakendada positiivsed muutused, p\u00f6\u00f6rata tagasi rumalused ja anda Eestile energia edasiminekuks.\u201c<\/p>\n<p>Ka Keskerakond tegi sel n\u00e4dalal ettepaneku korraldada erakorralised valimised. \u201eT\u00e4na on selge, et valitsus mitte ei genereeri kriise, vaid ise ongi kriis. Me ei vaja j\u00e4rjekordset valitsuse remonti ega ministrite \u00fcmbert\u00f5stmist, vaid uut poliitilist mandaati,\u201c lausus erakonna esimees Mihhail K\u00f5lvart. \u201eKui ootame lahendustega kevadeni, kaotab Eesti v\u00e4\u00e4rtuslikku aega ning probleemide lahendamine muutub veelgi keerulisemaks. Eesti rahval peab olema v\u00f5imalus otsustada, kes suudab riiki kriisist v\u00e4lja juhtida.\u201c<\/p>\n<p><a href=\"http:\/\/www.delfi.ee\/artikkel\/120606782\/keskerakond-tahab-erakorralisi-valimisi-kolvart-selliseid-puudujaake-ei-saa-praeguses-julgeolekuolukorras-lubada#dalrel-in-article\" class=\"content-embedded-articles-single__embedded-article\" data-v-6f4d311d=\"\" rel=\"nofollow noopener\" target=\"_blank\"><\/p>\n<p>28.08.2026<\/p>\n<p>Keskerakond tahab erakorralisi valimisi. K\u00f5lvart: selliseid puuduj\u00e4\u00e4ke ei saa praeguses julgeolekuolukorras lubada(137)<\/p>\n<p><\/a><\/p>\n<p>Sarnase sammu astus ka EKRE. Nimelt saatis erakonna juhatus p\u00f6\u00f6rdumine k\u00f5ikide parlamendiliikmete poole ettepanekuga kutsuda Michali v\u00e4hemusvalitsus v\u00f5imalikult kiiresti tagasi. \u201eEesti ei saa endale lubada seitse kuud kaotatud aega, mille jooksul poliitilise eluv\u00f5imeta ning valimistel kindlat kaotust tunnetav valitsus j\u00e4tkab eelarverahade kulutamist ning avalike ametite forsseeritud mehitamist eesm\u00e4rgiga hoida oma toiduahel palgal ning m\u00e4ssida tulevased valitsused politiseeritud b\u00fcrokraati vastupanu sohu,\u201c seisab partei esimehe Martin Helme poolt l\u00e4kitatud p\u00f6\u00f6rdumises.<\/p>\n<p>Kuidas see lugu Sind end tundma pani?Saada<a href=\"https:\/\/www.delfi.ee\/a\/120607025\/\/kommentaarid\" class=\"button button--primary button--size-auto article-body-bottom__comment article-body-bottom__comment--write\" style=\"\" rel=\"nofollow noopener\" target=\"_blank\">Kommenteeri<\/a><a href=\"https:\/\/www.delfi.ee\/a\/120607025\/\/kommentaarid\" class=\"button button--size-auto article-body-bottom__comment article-body-bottom__comment--read\" style=\"\" rel=\"nofollow noopener\" target=\"_blank\">Loe kommentaare (537)<\/a><\/p>\n","protected":false},"excerpt":{"rendered":"\u201eVajalikke otsuseid, mis puudutavad demograafiat, riigi rahandust, tervishoidu ning muid elut\u00e4htsaid valdkondi, l\u00fckkab valitsus edasi, viidates sellele, et&hellip;\n","protected":false},"author":2,"featured_media":264219,"comment_status":"","ping_status":"","sticky":false,"template":"","format":"standard","meta":{"footnotes":"","_share_on_mastodon":"0"},"categories":[12],"tags":[26,27,37,33,35,729,34,36,31,32,21,731,819,28,29,19,25,23,24,22,20,30],"class_list":["post-264218","post","type-post","status-publish","format-standard","has-post-thumbnail","category-eesti","tag-breaking-news","tag-breakingnews","tag-ee","tag-eesti","tag-eesti-keel","tag-ekre","tag-estonia","tag-estonian","tag-featured-news","tag-featurednews","tag-headlines","tag-isamaa","tag-keskerakond","tag-latest-news","tag-latestnews","tag-news","tag-populaarseimad-lood","tag-top-stories","tag-topstories","tag-uldised-uudised","tag-uudised","tag-viimased-uudised"],"share_on_mastodon":{"url":"https:\/\/pubeurope.com\/@ee\/117184494711628877","error":""},"_links":{"self":[{"href":"https:\/\/www.europesays.com\/ee\/wp-json\/wp\/v2\/posts\/264218","targetHints":{"allow":["GET"]}}],"collection":[{"href":"https:\/\/www.europesays.com\/ee\/wp-json\/wp\/v2\/posts"}],"about":[{"href":"https:\/\/www.europesays.com\/ee\/wp-json\/wp\/v2\/types\/post"}],"author":[{"embeddable":true,"href":"https:\/\/www.europesays.com\/ee\/wp-json\/wp\/v2\/users\/2"}],"replies":[{"embeddable":true,"href":"https:\/\/www.europesays.com\/ee\/wp-json\/wp\/v2\/comments?post=264218"}],"version-history":[{"count":0,"href":"https:\/\/www.europesays.com\/ee\/wp-json\/wp\/v2\/posts\/264218\/revisions"}],"wp:featuredmedia":[{"embeddable":true,"href":"https:\/\/www.europesays.com\/ee\/wp-json\/wp\/v2\/media\/264219"}],"wp:attachment":[{"href":"https:\/\/www.europesays.com\/ee\/wp-json\/wp\/v2\/media?parent=264218"}],"wp:term":[{"taxonomy":"category","embeddable":true,"href":"https:\/\/www.europesays.com\/ee\/wp-json\/wp\/v2\/categories?post=264218"},{"taxonomy":"post_tag","embeddable":true,"href":"https:\/\/www.europesays.com\/ee\/wp-json\/wp\/v2\/tags?post=264218"}],"curies":[{"name":"wp","href":"https:\/\/api.w.org\/{rel}","templated":true}]}}