{"id":264226,"date":"2026-08-30T12:47:07","date_gmt":"2026-08-30T12:47:07","guid":{"rendered":"https:\/\/www.europesays.com\/ee\/264226\/"},"modified":"2026-08-30T12:47:07","modified_gmt":"2026-08-30T12:47:07","slug":"tu-teadlane-noorte-uimastitarbimisest-uus-polvkond-soovib-midagi-teistmoodi-teha","status":"publish","type":"post","link":"https:\/\/www.europesays.com\/ee\/264226\/","title":{"rendered":"T\u00dc teadlane noorte uimastitarbimisest: uus p\u00f5lvkond soovib midagi teistmoodi teha"},"content":{"rendered":"<p class=\"MsoNormal\"><a target=\"_blank\" rel=\"noopener noreferrer nofollow\" href=\"https:\/\/vikerraadio.err.ee\/1610120591\">Vikerraadios<\/a> k\u00e4is k\u00fclas arstiteadlane ja Tartu \u00dclikooli ps\u00fchhof\u00fcsioloogia professor Jaanus Harro, kellega r\u00e4\u00e4giti illegaalsetest meelem\u00fcrkidest. Teemak\u00e4sitlus t\u00f5ukub sellel n\u00e4dalal avalikuks tulnud lavastaja Oliver Reimanni tegevusest, kes pani kahele kaaslasele ilma nende teadmata joogi sisse MDMAd.<\/p>\n<p class=\"MsoNormal\">Harro \u00fctles alustuseks, et iga ps\u00fchhoaktiivne ravim teeb midagi l\u00e4htuvalt sellest, mis inimese peas juba on, kuigi ravimil on ka enda omadused.<\/p>\n<p class=\"MsoNormal\">S\u00f5na \u00abravim\u00bb kasutamise kohta \u00fctles ta, et see v\u00f5eti eesti keeles kasutusele umbes 100 aastat tagasi s\u00f5na \u00abfarmakon\u00bb vasteks. \u00abKreeklaste farmakon t\u00e4hendas \u00fchtaegu nii arstimit kui ka m\u00fcrki ja iga niisugune keemiline \u00fchend, mida me ravimiks nimetame, on farmakoloogi jaoks mingi keemiline aine, mis muudab f\u00fcsioloogilist protsessi spetsiifilisel viisil: sellega saab arstida, sellega saab kahju teha.\u00bb<\/p>\n<p class=\"MsoNormal\">MDMA ehk rahvakeeli ka Ecstasy kohta \u00fctles Harro, et see kuulub omamoodi unikaalse ja erilaadse n\u00e4rvierguti klassi. \u00abErinevalt amfetamiinist, mille sugulane ta on, ei ole [MDMA] puhtalt stimuleeriv ja agressiivsuse suurendaja, vaid v\u00f5ib omap\u00e4rast prosotsiaalset efekti tekitada. Aga mida selle juurde tulla v\u00f5ib ja kas tuleb, s\u00f5ltub inimesest endast ja seisundist, mis tal parajasti pea sees on. L\u00fchidalt kokku v\u00f5ttes on selliste keemiliste \u00fchendite efekt arvestaval m\u00e4\u00e4ral ennustamatu,\u00bb \u00fctles Harro.<\/p>\n<p class=\"MsoNormal\">Saatejuht Sten Teppan uuris Harrolt, mis v\u00f5ib olla selle taga, et t\u00e4nap\u00e4eva noored alkoholile j\u00e4rjest rohkem erinevaid illegaalseid meelem\u00fcrke eelistavad ning t\u00f5i v\u00e4lja kuuldud v\u00e4ite, et p\u00e4rast pole nii kehv olla kui alkoholi tarvitades.<\/p>\n<p class=\"MsoNormal\">\u00abAlkoholiga on j\u00e4rgmisel p\u00e4eval kehv olla, kui seda tarvitada meeletult palju. See \u00fctleb mulle midagi noorema p\u00f5lvkonna alkoholitarvitamise viiside kohta. Aga selle kohta on juba ammu Jean Cocteau ilusti \u00f6elnud, et noor Hiina ei suitseta, sest vanaisa suitsetas. Ta pidas oopiumi silmas. Ehk siis p\u00f5lvkonnad tahavadki teistmoodi midagi teha, v\u00f5rreldes eelmisega.\u00bb<\/p>\n<p class=\"MsoNormal\">Noorem generatsioon, kes on varasemalt olnud uimastitest kaugel ja kes on samal ajal n\u00e4inud, kuidas nende vanemad endale alkoholiga on liiga teinud, v\u00f5ib Harro s\u00f5nul tahta midagi muud kasv\u00f5i sellep\u00e4rast, et olla eelmisest p\u00f5lvkonnast paremad.<\/p>\n<p class=\"MsoNormal\">Saadet saab l\u00e4hemalt kuulata <a target=\"_blank\" rel=\"noopener noreferrer nofollow\" href=\"https:\/\/vikerraadio.err.ee\/1610120591\">SIIN<\/a>.<\/p>\n","protected":false},"excerpt":{"rendered":"Vikerraadios k\u00e4is k\u00fclas arstiteadlane ja Tartu \u00dclikooli ps\u00fchhof\u00fcsioloogia professor Jaanus Harro, kellega r\u00e4\u00e4giti illegaalsetest meelem\u00fcrkidest. Teemak\u00e4sitlus t\u00f5ukub sellel&hellip;\n","protected":false},"author":2,"featured_media":264227,"comment_status":"","ping_status":"","sticky":false,"template":"","format":"standard","meta":{"footnotes":"","_share_on_mastodon":"0"},"categories":[12],"tags":[89205,26,27,97246,37,33,35,34,36,31,32,21,102667,55495,28,29,101177,19,1218,25,2424,23,24,22,20,30],"class_list":["post-264226","post","type-post","status-publish","format-standard","has-post-thumbnail","category-eesti","tag-alkoholitarvitamine","tag-breaking-news","tag-breakingnews","tag-ecstasy","tag-ee","tag-eesti","tag-eesti-keel","tag-estonia","tag-estonian","tag-featured-news","tag-featurednews","tag-headlines","tag-illegaalne-uimastitarbimine","tag-jaanus-harro","tag-latest-news","tag-latestnews","tag-mdma","tag-news","tag-noored","tag-populaarseimad-lood","tag-tartu-ulikool","tag-top-stories","tag-topstories","tag-uldised-uudised","tag-uudised","tag-viimased-uudised"],"share_on_mastodon":{"url":"https:\/\/pubeurope.com\/@ee\/117184538202219069","error":""},"_links":{"self":[{"href":"https:\/\/www.europesays.com\/ee\/wp-json\/wp\/v2\/posts\/264226","targetHints":{"allow":["GET"]}}],"collection":[{"href":"https:\/\/www.europesays.com\/ee\/wp-json\/wp\/v2\/posts"}],"about":[{"href":"https:\/\/www.europesays.com\/ee\/wp-json\/wp\/v2\/types\/post"}],"author":[{"embeddable":true,"href":"https:\/\/www.europesays.com\/ee\/wp-json\/wp\/v2\/users\/2"}],"replies":[{"embeddable":true,"href":"https:\/\/www.europesays.com\/ee\/wp-json\/wp\/v2\/comments?post=264226"}],"version-history":[{"count":0,"href":"https:\/\/www.europesays.com\/ee\/wp-json\/wp\/v2\/posts\/264226\/revisions"}],"wp:featuredmedia":[{"embeddable":true,"href":"https:\/\/www.europesays.com\/ee\/wp-json\/wp\/v2\/media\/264227"}],"wp:attachment":[{"href":"https:\/\/www.europesays.com\/ee\/wp-json\/wp\/v2\/media?parent=264226"}],"wp:term":[{"taxonomy":"category","embeddable":true,"href":"https:\/\/www.europesays.com\/ee\/wp-json\/wp\/v2\/categories?post=264226"},{"taxonomy":"post_tag","embeddable":true,"href":"https:\/\/www.europesays.com\/ee\/wp-json\/wp\/v2\/tags?post=264226"}],"curies":[{"name":"wp","href":"https:\/\/api.w.org\/{rel}","templated":true}]}}