{"id":264248,"date":"2026-08-30T13:38:09","date_gmt":"2026-08-30T13:38:09","guid":{"rendered":"https:\/\/www.europesays.com\/ee\/264248\/"},"modified":"2026-08-30T13:38:09","modified_gmt":"2026-08-30T13:38:09","slug":"galerii-%e2%9f%a9-rahvusooper-estonia-avas-hooaja-teatrilaada-ja-estonia-120-kontserdiga","status":"publish","type":"post","link":"https:\/\/www.europesays.com\/ee\/264248\/","title":{"rendered":"GALERII \u27e9 Rahvusooper Estonia avas hooaja teatrilaada ja \u00abEstonia 120\u00bb kontserdiga"},"content":{"rendered":"<p>Rahvusooperi uue hooaja hoogsaks avas\u00fcndmuseks oli iga-aastane teatrilaat, kus publik sai v\u00f5imaluse nautida parimaid palu nii teatrimaja sees kui selle \u00fcmber. Meeleoluka s\u00fcndmuse k\u00f5rghetkeks oli \u00abEstonia 120\u00bb tasuta kontsert teatrisaalis, mis t\u00f5i lavale armastatud esinejad ja teatri rohkem kui sajandi pikkust lugu kandvad lemmikteosed. P\u00e4eva jooksul j\u00f5udis lavale ballett ja operett ning balletiprogrammi l\u00f5pus kuulutati v\u00e4lja Estonia teatri s\u00f5ber 2026.<\/p>\n","protected":false},"excerpt":{"rendered":"Rahvusooperi uue hooaja hoogsaks avas\u00fcndmuseks oli iga-aastane teatrilaat, kus publik sai v\u00f5imaluse nautida parimaid palu nii teatrimaja sees&hellip;\n","protected":false},"author":2,"featured_media":264249,"comment_status":"","ping_status":"","sticky":false,"template":"","format":"standard","meta":{"footnotes":"","_share_on_mastodon":"0"},"categories":[16],"tags":[194,180,186,37,33,35,199,173,182,181,34,36,183,193,178,176,190,185,184,187,191,140,195,201,198,188,179,189,192,177,196,200,197],"class_list":["post-264248","post","type-post","status-publish","format-standard","has-post-thumbnail","category-meelelahutus","tag-arhitektuur","tag-arvustus","tag-draamateater","tag-ee","tag-eesti","tag-eesti-keel","tag-endla","tag-entertainment","tag-esietendus","tag-esilinastus","tag-estonia","tag-estonian","tag-etendus","tag-graafika","tag-kirjandus","tag-kultuur","tag-kunst","tag-lava","tag-lavastus","tag-linnateater","tag-maal","tag-meelelahutus","tag-naitus","tag-novel","tag-nuku","tag-ooper","tag-raamat","tag-rahvusooper","tag-skulptuur","tag-teater","tag-ugala","tag-vaba-lava","tag-vanemuine"],"share_on_mastodon":{"url":"https:\/\/pubeurope.com\/@ee\/117184738308880711","error":""},"_links":{"self":[{"href":"https:\/\/www.europesays.com\/ee\/wp-json\/wp\/v2\/posts\/264248","targetHints":{"allow":["GET"]}}],"collection":[{"href":"https:\/\/www.europesays.com\/ee\/wp-json\/wp\/v2\/posts"}],"about":[{"href":"https:\/\/www.europesays.com\/ee\/wp-json\/wp\/v2\/types\/post"}],"author":[{"embeddable":true,"href":"https:\/\/www.europesays.com\/ee\/wp-json\/wp\/v2\/users\/2"}],"replies":[{"embeddable":true,"href":"https:\/\/www.europesays.com\/ee\/wp-json\/wp\/v2\/comments?post=264248"}],"version-history":[{"count":0,"href":"https:\/\/www.europesays.com\/ee\/wp-json\/wp\/v2\/posts\/264248\/revisions"}],"wp:featuredmedia":[{"embeddable":true,"href":"https:\/\/www.europesays.com\/ee\/wp-json\/wp\/v2\/media\/264249"}],"wp:attachment":[{"href":"https:\/\/www.europesays.com\/ee\/wp-json\/wp\/v2\/media?parent=264248"}],"wp:term":[{"taxonomy":"category","embeddable":true,"href":"https:\/\/www.europesays.com\/ee\/wp-json\/wp\/v2\/categories?post=264248"},{"taxonomy":"post_tag","embeddable":true,"href":"https:\/\/www.europesays.com\/ee\/wp-json\/wp\/v2\/tags?post=264248"}],"curies":[{"name":"wp","href":"https:\/\/api.w.org\/{rel}","templated":true}]}}