{"id":264254,"date":"2026-08-30T13:44:13","date_gmt":"2026-08-30T13:44:13","guid":{"rendered":"https:\/\/www.europesays.com\/ee\/264254\/"},"modified":"2026-08-30T13:44:13","modified_gmt":"2026-08-30T13:44:13","slug":"maeuibo-sai-maestlaskumise-mm-il-48-koha-jalgrattasport","status":"publish","type":"post","link":"https:\/\/www.europesays.com\/ee\/264254\/","title":{"rendered":"M\u00e4euibo sai m\u00e4estlaskumise MM-il 48. koha | Jalgrattasport"},"content":{"rendered":"<p>Itaalias Val di Soles peetud m\u00e4estlaskumise maailmameistriv\u00f5istlustel p\u00e4lvis esimest aastat eliitmeeste konkurentsis v\u00f5istelnud Riko M\u00e4euibo 48. koha.<\/p>\n<p>M\u00e4estlaskumise maailmameistriks krooniti kanadalane Jackson Goldstone, kelle ajaks m\u00f5\u00f5deti finaals\u00f5idus 3.28,785. H\u00f5bemedali teenis uusmeremaalane Lachlan Stevens-McNab (+0,695) ja pronksmedali britt Jordan Williams (+0,702).<\/p>\n<p>M\u00e4euibo j\u00e4i Goldtone&#8217;ist 17,456 sekundi kaugusele, mis andis eestlasele 48. tulemuse. &#8220;L\u00e4ksin finaalis suruma, aga kahjuks tegin liiga palju pisivigu, kuhu l\u00e4ks v\u00e4\u00e4rtuslikku aega kaduma,&#8221; \u00fctles M\u00e4euibo.<\/p>\n<p>Eliitnaiste s\u00f5idus olid kolm paremat austerlanna Valentina H\u00f6ll (4.01,558), \u0161veitslanna Lisa Baumann (+,1728) ja inglanna Harriet Harnden (+2,046).<\/p>\n","protected":false},"excerpt":{"rendered":"Itaalias Val di Soles peetud m\u00e4estlaskumise maailmameistriv\u00f5istlustel p\u00e4lvis esimest aastat eliitmeeste konkurentsis v\u00f5istelnud Riko M\u00e4euibo 48. koha. M\u00e4estlaskumise&hellip;\n","protected":false},"author":2,"featured_media":264255,"comment_status":"","ping_status":"","sticky":false,"template":"","format":"standard","meta":{"footnotes":"","_share_on_mastodon":"0"},"categories":[5],"tags":[26,27,37,33,35,34,36,31,32,21,172,983,1513,28,29,19,25,2828,159,2826,2827,23,24,22,20,30,1442],"class_list":["post-264254","post","type-post","status-publish","format-standard","has-post-thumbnail","category-uldised-uudised","tag-breaking-news","tag-breakingnews","tag-ee","tag-eesti","tag-eesti-keel","tag-estonia","tag-estonian","tag-featured-news","tag-featurednews","tag-headlines","tag-jalgpall","tag-kergejoustik","tag-korvpall","tag-latest-news","tag-latestnews","tag-news","tag-populaarseimad-lood","tag-ralli","tag-sport","tag-talisport","tag-tennis","tag-top-stories","tag-topstories","tag-uldised-uudised","tag-uudised","tag-viimased-uudised","tag-vorkpall"],"share_on_mastodon":{"url":"https:\/\/pubeurope.com\/@ee\/117184762040562793","error":""},"_links":{"self":[{"href":"https:\/\/www.europesays.com\/ee\/wp-json\/wp\/v2\/posts\/264254","targetHints":{"allow":["GET"]}}],"collection":[{"href":"https:\/\/www.europesays.com\/ee\/wp-json\/wp\/v2\/posts"}],"about":[{"href":"https:\/\/www.europesays.com\/ee\/wp-json\/wp\/v2\/types\/post"}],"author":[{"embeddable":true,"href":"https:\/\/www.europesays.com\/ee\/wp-json\/wp\/v2\/users\/2"}],"replies":[{"embeddable":true,"href":"https:\/\/www.europesays.com\/ee\/wp-json\/wp\/v2\/comments?post=264254"}],"version-history":[{"count":0,"href":"https:\/\/www.europesays.com\/ee\/wp-json\/wp\/v2\/posts\/264254\/revisions"}],"wp:featuredmedia":[{"embeddable":true,"href":"https:\/\/www.europesays.com\/ee\/wp-json\/wp\/v2\/media\/264255"}],"wp:attachment":[{"href":"https:\/\/www.europesays.com\/ee\/wp-json\/wp\/v2\/media?parent=264254"}],"wp:term":[{"taxonomy":"category","embeddable":true,"href":"https:\/\/www.europesays.com\/ee\/wp-json\/wp\/v2\/categories?post=264254"},{"taxonomy":"post_tag","embeddable":true,"href":"https:\/\/www.europesays.com\/ee\/wp-json\/wp\/v2\/tags?post=264254"}],"curies":[{"name":"wp","href":"https:\/\/api.w.org\/{rel}","templated":true}]}}