{"id":264262,"date":"2026-08-30T13:54:18","date_gmt":"2026-08-30T13:54:18","guid":{"rendered":"https:\/\/www.europesays.com\/ee\/264262\/"},"modified":"2026-08-30T13:54:18","modified_gmt":"2026-08-30T13:54:18","slug":"siim-tammer-%e2%9f%a9-lati-avab-miljonipankadele-ukse-kas-eesti-jaab-korvaltvaatajaks","status":"publish","type":"post","link":"https:\/\/www.europesays.com\/ee\/264262\/","title":{"rendered":"SIIM TAMMER \u27e9 L\u00e4ti avab miljonipankadele ukse \u2013 kas Eesti j\u00e4\u00e4b k\u00f5rvaltvaatajaks?"},"content":{"rendered":"<p>L\u00e4ti Keskpank kehtestas k\u00e4esoleva aasta algusest uue spetsialiseeritud krediidiasutuse kontseptsiooni, mis v\u00f5imaldab madalama sissemakstud aktsiakapitali n\u00f5udega asutada panga L\u00e4tis. Eesm\u00e4rk on meelitada L\u00e4tti eelk\u00f5ige fintech- ja digipanku. Samalaadne miljonipanga projekt oli Leedul juba 2018. aastal ning selgelt proovib L\u00e4ti sellise sammuga meelitada finantssektori osalisi L\u00e4tti, kirjutab WIDEN Advokaadib\u00fcroo n\u00f5unik ja Pangandus- ning Finantsvaldkonna juht Siim Tammer.<\/p>\n","protected":false},"excerpt":{"rendered":"L\u00e4ti Keskpank kehtestas k\u00e4esoleva aasta algusest uue spetsialiseeritud krediidiasutuse kontseptsiooni, mis v\u00f5imaldab madalama sissemakstud aktsiakapitali n\u00f5udega asutada panga&hellip;\n","protected":false},"author":2,"featured_media":264263,"comment_status":"","ping_status":"","sticky":false,"template":"","format":"standard","meta":{"footnotes":"","_share_on_mastodon":"0"},"categories":[12],"tags":[102680,26,27,102678,37,33,35,34,36,2412,31,32,12190,58582,21,28,29,114,115,102677,102681,19,102679,25,17066,23,24,44234,22,20,30],"class_list":["post-264262","post","type-post","status-publish","format-standard","has-post-thumbnail","category-eesti","tag-aktsiakapital","tag-breaking-news","tag-breakingnews","tag-digipangad","tag-ee","tag-eesti","tag-eesti-keel","tag-estonia","tag-estonian","tag-euroopa-keskpank","tag-featured-news","tag-featurednews","tag-finantssektor","tag-fintech","tag-headlines","tag-latest-news","tag-latestnews","tag-lati","tag-leedu","tag-miljonipank","tag-neopangad","tag-news","tag-pangaluba","tag-populaarseimad-lood","tag-revolut","tag-top-stories","tag-topstories","tag-uhistupank","tag-uldised-uudised","tag-uudised","tag-viimased-uudised"],"share_on_mastodon":{"url":"https:\/\/pubeurope.com\/@ee\/117184801155565643","error":""},"_links":{"self":[{"href":"https:\/\/www.europesays.com\/ee\/wp-json\/wp\/v2\/posts\/264262","targetHints":{"allow":["GET"]}}],"collection":[{"href":"https:\/\/www.europesays.com\/ee\/wp-json\/wp\/v2\/posts"}],"about":[{"href":"https:\/\/www.europesays.com\/ee\/wp-json\/wp\/v2\/types\/post"}],"author":[{"embeddable":true,"href":"https:\/\/www.europesays.com\/ee\/wp-json\/wp\/v2\/users\/2"}],"replies":[{"embeddable":true,"href":"https:\/\/www.europesays.com\/ee\/wp-json\/wp\/v2\/comments?post=264262"}],"version-history":[{"count":0,"href":"https:\/\/www.europesays.com\/ee\/wp-json\/wp\/v2\/posts\/264262\/revisions"}],"wp:featuredmedia":[{"embeddable":true,"href":"https:\/\/www.europesays.com\/ee\/wp-json\/wp\/v2\/media\/264263"}],"wp:attachment":[{"href":"https:\/\/www.europesays.com\/ee\/wp-json\/wp\/v2\/media?parent=264262"}],"wp:term":[{"taxonomy":"category","embeddable":true,"href":"https:\/\/www.europesays.com\/ee\/wp-json\/wp\/v2\/categories?post=264262"},{"taxonomy":"post_tag","embeddable":true,"href":"https:\/\/www.europesays.com\/ee\/wp-json\/wp\/v2\/tags?post=264262"}],"curies":[{"name":"wp","href":"https:\/\/api.w.org\/{rel}","templated":true}]}}