{"id":264264,"date":"2026-08-30T14:01:09","date_gmt":"2026-08-30T14:01:09","guid":{"rendered":"https:\/\/www.europesays.com\/ee\/264264\/"},"modified":"2026-08-30T14:01:09","modified_gmt":"2026-08-30T14:01:09","slug":"pildid-temnikova-ja-kasela-galeriis-avati-kaido-ole-naitus-krt-kunst","status":"publish","type":"post","link":"https:\/\/www.europesays.com\/ee\/264264\/","title":{"rendered":"Pildid: Temnikova ja Kasela galeriis avati Kaido Ole n\u00e4itus &#8220;Krt&#8221; | Kunst"},"content":{"rendered":"<p>28. augustil avati Tallinnas Temnikova ja Kasela galeriis Kaido Ole v\u00e4rske isikun\u00e4itus &#8220;Krt&#8221;.<\/p>\n<p>Kaido Ole uus isikun\u00e4itus &#8220;Krt&#8221; keskendub kunstniku viimase aja maalidele, kus korduv p\u00f5lemise motiiv saab vahendiks, mille kaudu anda kuju raskesti m\u00e4\u00e4ratletavale ja k\u00f5ikeh\u00f5lmavale &#8220;halvale&#8221;.<\/p>\n<p>Ole kirjeldab n\u00e4itust kui katset &#8220;panna halb seest \u00e4ra piltidesse&#8221;. &#8220;Kunsti kaudu saab halb endale koha ning maailm v\u00f5ib v\u00e4hemalt hetkeks taas tasakaalu j\u00f5uda,&#8221; selgitas kunstnik.<\/p>\n<p>&#8220;Krt&#8221; on Kaido Ole t\u00e4navuse aasta kolmas v\u00e4ljapanek, aasta alguses avas ta Raplas n\u00e4ituse &#8220;M\u00fc\u00fca maja Raplas&#8221; ning Vaal galeriis t\u00f5i ta veebruaris v\u00e4lja n\u00e4ited oma kunstikogust.<\/p>\n<p>N\u00e4itus &#8220;Krt&#8221; j\u00e4\u00e4b Temnikova ja Kasela galeriis avatuks kuni 10. oktoobrini.<\/p>\n","protected":false},"excerpt":{"rendered":"28. augustil avati Tallinnas Temnikova ja Kasela galeriis Kaido Ole v\u00e4rske isikun\u00e4itus &#8220;Krt&#8221;. Kaido Ole uus isikun\u00e4itus &#8220;Krt&#8221;&hellip;\n","protected":false},"author":2,"featured_media":264265,"comment_status":"","ping_status":"","sticky":false,"template":"","format":"standard","meta":{"footnotes":"","_share_on_mastodon":"0"},"categories":[16],"tags":[37,33,35,173,34,36,43517,102682,190,140,12503],"class_list":["post-264264","post","type-post","status-publish","format-standard","has-post-thumbnail","category-meelelahutus","tag-ee","tag-eesti","tag-eesti-keel","tag-entertainment","tag-estonia","tag-estonian","tag-kaido-ole","tag-krt","tag-kunst","tag-meelelahutus","tag-temnikova-ja-kasela-galerii"],"share_on_mastodon":{"url":"https:\/\/pubeurope.com\/@ee\/117184828952970705","error":""},"_links":{"self":[{"href":"https:\/\/www.europesays.com\/ee\/wp-json\/wp\/v2\/posts\/264264","targetHints":{"allow":["GET"]}}],"collection":[{"href":"https:\/\/www.europesays.com\/ee\/wp-json\/wp\/v2\/posts"}],"about":[{"href":"https:\/\/www.europesays.com\/ee\/wp-json\/wp\/v2\/types\/post"}],"author":[{"embeddable":true,"href":"https:\/\/www.europesays.com\/ee\/wp-json\/wp\/v2\/users\/2"}],"replies":[{"embeddable":true,"href":"https:\/\/www.europesays.com\/ee\/wp-json\/wp\/v2\/comments?post=264264"}],"version-history":[{"count":0,"href":"https:\/\/www.europesays.com\/ee\/wp-json\/wp\/v2\/posts\/264264\/revisions"}],"wp:featuredmedia":[{"embeddable":true,"href":"https:\/\/www.europesays.com\/ee\/wp-json\/wp\/v2\/media\/264265"}],"wp:attachment":[{"href":"https:\/\/www.europesays.com\/ee\/wp-json\/wp\/v2\/media?parent=264264"}],"wp:term":[{"taxonomy":"category","embeddable":true,"href":"https:\/\/www.europesays.com\/ee\/wp-json\/wp\/v2\/categories?post=264264"},{"taxonomy":"post_tag","embeddable":true,"href":"https:\/\/www.europesays.com\/ee\/wp-json\/wp\/v2\/tags?post=264264"}],"curies":[{"name":"wp","href":"https:\/\/api.w.org\/{rel}","templated":true}]}}