{"id":264266,"date":"2026-08-30T14:02:09","date_gmt":"2026-08-30T14:02:09","guid":{"rendered":"https:\/\/www.europesays.com\/ee\/264266\/"},"modified":"2026-08-30T14:02:09","modified_gmt":"2026-08-30T14:02:09","slug":"vaata-jarele-levadia-alistas-tanavu-esmakordselt-kalju-soccernet-ee","status":"publish","type":"post","link":"https:\/\/www.europesays.com\/ee\/264266\/","title":{"rendered":"VAATA J\u00c4RELE: Levadia alistas t\u00e4navu esmakordselt Kalju! &#8211; Soccernet.ee"},"content":{"rendered":"<p>&#13;\n<\/p>\n<p>Premium liiga 25. m\u00e4nguvoorus alistas Tallinna Levadia hilise v\u00f5iduv\u00e4rava toel 3:2 N\u00f5mme Kalju.<\/p>\n<ul>&#13;<\/p>\n<li>Kalju &#8211; Levadia 2:3\u00a0(38. Enrique Esono, 45+2. Nikita Ivanov &#8211; 50. Wendell, 58. Joao Pedro, 90+2. Enock Kofi Otoo)<br \/>&#13;<br \/>\n    V\u00e4ravas\u00f6\u00f6dud: 38. Modou Tambedou, 45+2. Enrique Esono &#8211; 50. Mark Oliver Roosnupp, 58. Joseph Saliste, 90+2. Mollo Bessala<\/li>\n<p>&#13;<\/p>\n<li>M\u00e4ngu kommenteerib Kristjan Jaak Kangur.<\/li>\n<p>&#13;<\/p>\n<li><a href=\"https:\/\/tv.soccernet.ee\/\" target=\"https:\/\/tv.soccernet.ee\/\" rel=\"nofollow noopener\">Vaata m\u00e4nge Soccernet TV-st!<\/a><\/li>\n<p>&#13;\n<\/ul>\n<p>Kohtumise avav\u00e4rava l\u00f5i 38. minutil Modou Tambedou s\u00f6\u00f6dust Enrique Esono. \u00dcks ei j\u00e4\u00e4nud ka teiset ning Esono eelt\u00f6\u00f6 j\u00e4rel tegi skoori Nikita Ivanov. Poolajapausile mindi kaljukate 2:0 eduseisus ning Levadial seisis teise poolaja eel ees raske \u00fclesanne.\u00a0&#13;\n<\/p>\n<p>Levadia alustas teist poolaega h\u00e4sti. Esmalt tegi skoori Wendell ning kiiresti suudeti ka teine v\u00e4rav tagasi l\u00fc\u00fca, mille autoriks kujunes Joao Pedro. V\u00f5iduv\u00e4rav vormistati aga viimase r\u00fcnnakuga, kui 90+2. minutil pani palli v\u00f5rku Enock Otoo.\u00a0&#13;\n<\/p>\n<p>&#13;\n<\/p>\n<p>Enne m\u00e4ngu:&#13;\n<\/p>\n<p>V\u00e4ljakukohtunik<\/p>\n<p>Karl Koppel<\/p>\n<p>1. abikohtunik<\/p>\n<p>Riivo Stolts<\/p>\n<p>2. abikohtunik<\/p>\n<p>Veiko M\u00f5tsnik<\/p>\n<p>4. kohtunik<\/p>\n<p>Jagnar Jakobson<\/p>\n<p>Videokohtunik<\/p>\n<p>Rasmus Maalinn<\/p>\n<p>Abivideokohtunik<\/p>\n<p>Reelika Turi<\/p>\n<p>P: 44 (V\u00f5: 13 Vi: 5 Ka: 6 ) VV: 43:19<\/p>\n<p>P: 56 (V\u00f5: 17 Vi: 5 Ka: 1 ) VV: 61:18<\/p>\n<p>                          Mattias M\u00e4nnilaan 7<\/p>\n<p>                          Nikita Ivanov 7<\/p>\n<p>                          Mihhail Orlov 6<\/p>\n<p>                          Rommi Siht 4<\/p>\n<p>                          Tiago Baptista 4<\/p>\n<p>                        Bubacarr Tambedou 14<\/p>\n<p>                        Wendell 12<\/p>\n<p>                        Mihkel Ainsalu 8<\/p>\n<p>                        Mark Oliver Roosnupp 5<\/p>\n<p>                        Maksimilian Skvortsov 5<\/p>\n<p>                          Mihhail Orlov 8<\/p>\n<p>                          Rommi Siht 4<\/p>\n<p>                          Nikita Ivanov 3<\/p>\n<p>                          Bogdan Va\u0161t\u0161uk 3<\/p>\n<p>                          Daniil S\u00f5t\u0161ugov 2<\/p>\n<p>                        Mihkel Ainsalu 8<\/p>\n<p>                        Maksimilian Skvortsov 8<\/p>\n<p>                        Mark Oliver Roosnupp 7<\/p>\n<p>                        Rasmus Peetson 5<\/p>\n<p>                        Victory Iboro 4<\/p>\n<p>                            Dan\u00f5l Ma\u0161t\u0161enko<\/p>\n<p>                            Uku K\u00f5rre<\/p>\n<p>                            Bogdan Va\u0161t\u0161uk<\/p>\n<p>                            Oleksandr Musolitin<\/p>\n<p>                            Joseph Saliste<\/p>\n<p>Enock Kofi Otoo<\/p>\n<p>                            Victory Iboro<\/p>\n<p>                            Wendell<\/p>\n<p>VIIMASED OMAVAHELISED M\u00c4NGUD<\/p>\n<p><img decoding=\"async\" src=\"https:\/\/www.europesays.com\/ee\/wp-content\/uploads\/2026\/08\/1788098529_352_vivatbet_logo_dark.png\" style=\"height: auto; width: auto; max-height: 30px;\" alt=\"\"\/><\/p>\n<p>Kalju v\u00f5it 5,96<\/p>\n<p>viik 4,05<\/p>\n<p><img decoding=\"async\" src=\"https:\/\/www.europesays.com\/ee\/wp-content\/uploads\/2026\/08\/1788098529_352_vivatbet_logo_dark.png\" style=\"height: auto; width: auto; max-height: 30px;\" alt=\"\"\/><\/p>\n<p>\u00a0Levadia v\u00f5it 1,46<\/p>\n<p>viik 4,05<\/p>\n","protected":false},"excerpt":{"rendered":"&#13; Premium liiga 25. m\u00e4nguvoorus alistas Tallinna Levadia hilise v\u00f5iduv\u00e4rava toel 3:2 N\u00f5mme Kalju. &#13; Kalju &#8211; Levadia&hellip;\n","protected":false},"author":2,"featured_media":264267,"comment_status":"","ping_status":"","sticky":false,"template":"","format":"standard","meta":{"footnotes":"","_share_on_mastodon":"0"},"categories":[18],"tags":[37,33,35,34,36,1572,1357,1358,1359,2470,4106,167,159,158],"class_list":["post-264266","post","type-post","status-publish","format-standard","has-post-thumbnail","category-sport","tag-ee","tag-eesti","tag-eesti-keel","tag-estonia","tag-estonian","tag-fci-levadia","tag-kalju","tag-levadia","tag-nomme-kalju","tag-otsepilt","tag-otseulekanne","tag-premium-liiga","tag-sport","tag-sports"],"share_on_mastodon":{"url":"https:\/\/pubeurope.com\/@ee\/117184833257346968","error":""},"_links":{"self":[{"href":"https:\/\/www.europesays.com\/ee\/wp-json\/wp\/v2\/posts\/264266","targetHints":{"allow":["GET"]}}],"collection":[{"href":"https:\/\/www.europesays.com\/ee\/wp-json\/wp\/v2\/posts"}],"about":[{"href":"https:\/\/www.europesays.com\/ee\/wp-json\/wp\/v2\/types\/post"}],"author":[{"embeddable":true,"href":"https:\/\/www.europesays.com\/ee\/wp-json\/wp\/v2\/users\/2"}],"replies":[{"embeddable":true,"href":"https:\/\/www.europesays.com\/ee\/wp-json\/wp\/v2\/comments?post=264266"}],"version-history":[{"count":0,"href":"https:\/\/www.europesays.com\/ee\/wp-json\/wp\/v2\/posts\/264266\/revisions"}],"wp:featuredmedia":[{"embeddable":true,"href":"https:\/\/www.europesays.com\/ee\/wp-json\/wp\/v2\/media\/264267"}],"wp:attachment":[{"href":"https:\/\/www.europesays.com\/ee\/wp-json\/wp\/v2\/media?parent=264266"}],"wp:term":[{"taxonomy":"category","embeddable":true,"href":"https:\/\/www.europesays.com\/ee\/wp-json\/wp\/v2\/categories?post=264266"},{"taxonomy":"post_tag","embeddable":true,"href":"https:\/\/www.europesays.com\/ee\/wp-json\/wp\/v2\/tags?post=264266"}],"curies":[{"name":"wp","href":"https:\/\/api.w.org\/{rel}","templated":true}]}}