{"id":264290,"date":"2026-08-30T14:48:10","date_gmt":"2026-08-30T14:48:10","guid":{"rendered":"https:\/\/www.europesays.com\/ee\/264290\/"},"modified":"2026-08-30T14:48:10","modified_gmt":"2026-08-30T14:48:10","slug":"wsj-kreml-juhib-sabotaazidega-tahelepanu-korvale-oma-labikukkumistelt","status":"publish","type":"post","link":"https:\/\/www.europesays.com\/ee\/264290\/","title":{"rendered":"WSJ: Kreml juhib sabotaa\u017eidega t\u00e4helepanu k\u00f5rvale oma l\u00e4bikukkumistelt"},"content":{"rendered":"<p>\u00dchest k\u00fcljest selleks, et suurendada survet ja k\u00fclvata hirmu Kiievi liitlaste seas, kuid samuti selleks, et juhtida t\u00e4helepanu k\u00f5rvale oma armee eba\u00f5nnestumistelt edasitungimisel Ukraina territooriumi ning \u00fcha laastavamatest Ukraina droonide ja rakettide r\u00fcnnakutest riigi sees, vahendas portaal Unian p\u00fchap\u00e4eval \u00e4rilehte The Wall Street Journal.<\/p>\n","protected":false},"excerpt":{"rendered":"\u00dchest k\u00fcljest selleks, et suurendada survet ja k\u00fclvata hirmu Kiievi liitlaste seas, kuid samuti selleks, et juhtida t\u00e4helepanu&hellip;\n","protected":false},"author":2,"featured_media":264291,"comment_status":"","ping_status":"","sticky":false,"template":"","format":"standard","meta":{"footnotes":"","_share_on_mastodon":"0"},"categories":[80],"tags":[26,27,2213,37,33,35,34,36,31,32,21,102695,103,28,29,115,12750,95,54,19,25,102694,23308,63760,23,24,262,22,20,96,30,661,92,93,94],"class_list":["post-264290","post","type-post","status-publish","format-standard","has-post-thumbnail","category-maailm","tag-breaking-news","tag-breakingnews","tag-donald-tusk","tag-ee","tag-eesti","tag-eesti-keel","tag-estonia","tag-estonian","tag-featured-news","tag-featurednews","tag-headlines","tag-hollandi-luureteenistused","tag-kreml","tag-latest-news","tag-latestnews","tag-leedu","tag-luure-keskagentuur-cia","tag-maailm","tag-nato","tag-news","tag-populaarseimad-lood","tag-remigijus-bridikis","tag-the-telegraph","tag-the-wall-street-journal","tag-top-stories","tag-topstories","tag-ukraina","tag-uldised-uudised","tag-uudised","tag-venemaa","tag-viimased-uudised","tag-vladimir-putin","tag-world","tag-world-news","tag-worldnews"],"share_on_mastodon":{"url":"","error":"Validation failed: Text character limit of 500 exceeded"},"_links":{"self":[{"href":"https:\/\/www.europesays.com\/ee\/wp-json\/wp\/v2\/posts\/264290","targetHints":{"allow":["GET"]}}],"collection":[{"href":"https:\/\/www.europesays.com\/ee\/wp-json\/wp\/v2\/posts"}],"about":[{"href":"https:\/\/www.europesays.com\/ee\/wp-json\/wp\/v2\/types\/post"}],"author":[{"embeddable":true,"href":"https:\/\/www.europesays.com\/ee\/wp-json\/wp\/v2\/users\/2"}],"replies":[{"embeddable":true,"href":"https:\/\/www.europesays.com\/ee\/wp-json\/wp\/v2\/comments?post=264290"}],"version-history":[{"count":0,"href":"https:\/\/www.europesays.com\/ee\/wp-json\/wp\/v2\/posts\/264290\/revisions"}],"wp:featuredmedia":[{"embeddable":true,"href":"https:\/\/www.europesays.com\/ee\/wp-json\/wp\/v2\/media\/264291"}],"wp:attachment":[{"href":"https:\/\/www.europesays.com\/ee\/wp-json\/wp\/v2\/media?parent=264290"}],"wp:term":[{"taxonomy":"category","embeddable":true,"href":"https:\/\/www.europesays.com\/ee\/wp-json\/wp\/v2\/categories?post=264290"},{"taxonomy":"post_tag","embeddable":true,"href":"https:\/\/www.europesays.com\/ee\/wp-json\/wp\/v2\/tags?post=264290"}],"curies":[{"name":"wp","href":"https:\/\/api.w.org\/{rel}","templated":true}]}}