{"id":264292,"date":"2026-08-30T14:49:09","date_gmt":"2026-08-30T14:49:09","guid":{"rendered":"https:\/\/www.europesays.com\/ee\/264292\/"},"modified":"2026-08-30T14:49:09","modified_gmt":"2026-08-30T14:49:09","slug":"fotod-%e2%9f%a9-ukraina-malestas-sojas-vene-okupantidega-langenud-kaitsjaid","status":"publish","type":"post","link":"https:\/\/www.europesays.com\/ee\/264292\/","title":{"rendered":"FOTOD \u27e9 Ukraina m\u00e4lestas s\u00f5jas Vene okupantidega langenud kaitsjaid"},"content":{"rendered":"<p>Kui Eestis on sinilillep\u00e4ev, mille \u00fcritusi korraldatakse tegelikult kogu aprillikuu jooksul kaitsev\u00e4e ja Kaitseliidu veteranide ning nende l\u00e4hedaste tunnustamiseks ja toetamiseks, siis Ukrainaski on sarnane p\u00e4ev, mil rinda pannakse samuti v\u00e4ike, silmapaistvate kollaste \u00f5ielehtedega p\u00e4evalille m\u00e4rk. Seda tehakse langenud kaitsjate m\u00e4lestusp\u00e4eval 29. augustil.<\/p>\n<p>Ukraina kaitsjate m\u00e4lestusp\u00e4eval peetakse meeles neid, kes on langenud v\u00f5itluses Ukraina iseseisvuse, s\u00f5ltumatuse ja territoriaalse terviklikkuse eest.<\/p>\n","protected":false},"excerpt":{"rendered":"Kui Eestis on sinilillep\u00e4ev, mille \u00fcritusi korraldatakse tegelikult kogu aprillikuu jooksul kaitsev\u00e4e ja Kaitseliidu veteranide ning nende l\u00e4hedaste&hellip;\n","protected":false},"author":2,"featured_media":264293,"comment_status":"","ping_status":"","sticky":false,"template":"","format":"standard","meta":{"footnotes":"","_share_on_mastodon":"0"},"categories":[12],"tags":[26,27,37,33,35,34,36,31,32,21,102697,28,29,3629,19,102696,25,23,24,22,20,1926,30],"class_list":["post-264292","post","type-post","status-publish","format-standard","has-post-thumbnail","category-eesti","tag-breaking-news","tag-breakingnews","tag-ee","tag-eesti","tag-eesti-keel","tag-estonia","tag-estonian","tag-featured-news","tag-featurednews","tag-headlines","tag-ilovaiski-lahing","tag-latest-news","tag-latestnews","tag-lviv","tag-news","tag-paevalill","tag-populaarseimad-lood","tag-top-stories","tag-topstories","tag-uldised-uudised","tag-uudised","tag-venemaa-ukraina-soda","tag-viimased-uudised"],"share_on_mastodon":{"url":"https:\/\/pubeurope.com\/@ee\/117185017951275685","error":""},"_links":{"self":[{"href":"https:\/\/www.europesays.com\/ee\/wp-json\/wp\/v2\/posts\/264292","targetHints":{"allow":["GET"]}}],"collection":[{"href":"https:\/\/www.europesays.com\/ee\/wp-json\/wp\/v2\/posts"}],"about":[{"href":"https:\/\/www.europesays.com\/ee\/wp-json\/wp\/v2\/types\/post"}],"author":[{"embeddable":true,"href":"https:\/\/www.europesays.com\/ee\/wp-json\/wp\/v2\/users\/2"}],"replies":[{"embeddable":true,"href":"https:\/\/www.europesays.com\/ee\/wp-json\/wp\/v2\/comments?post=264292"}],"version-history":[{"count":0,"href":"https:\/\/www.europesays.com\/ee\/wp-json\/wp\/v2\/posts\/264292\/revisions"}],"wp:featuredmedia":[{"embeddable":true,"href":"https:\/\/www.europesays.com\/ee\/wp-json\/wp\/v2\/media\/264293"}],"wp:attachment":[{"href":"https:\/\/www.europesays.com\/ee\/wp-json\/wp\/v2\/media?parent=264292"}],"wp:term":[{"taxonomy":"category","embeddable":true,"href":"https:\/\/www.europesays.com\/ee\/wp-json\/wp\/v2\/categories?post=264292"},{"taxonomy":"post_tag","embeddable":true,"href":"https:\/\/www.europesays.com\/ee\/wp-json\/wp\/v2\/tags?post=264292"}],"curies":[{"name":"wp","href":"https:\/\/api.w.org\/{rel}","templated":true}]}}