{"id":264306,"date":"2026-08-30T15:08:10","date_gmt":"2026-08-30T15:08:10","guid":{"rendered":"https:\/\/www.europesays.com\/ee\/264306\/"},"modified":"2026-08-30T15:08:10","modified_gmt":"2026-08-30T15:08:10","slug":"hollandi-jalgpalliliit-nouab-infantino-lahkumist-ja-soovib-korraldada-fifa-tippkohtumise","status":"publish","type":"post","link":"https:\/\/www.europesays.com\/ee\/264306\/","title":{"rendered":"Hollandi jalgpalliliit n\u00f5uab Infantino lahkumist ja soovib korraldada FIFA tippkohtumise"},"content":{"rendered":"<p>KNVB teatas p\u00fchap\u00e4eval, et on kaotanud usalduse Infantino vastu ning soovib muuta FIFA kogu struktuuri, mitte piirduda vaid juhtkonna v\u00e4ljavahetamisega.<\/p>\n<p>Infantino kandideerib j\u00e4rgmise aasta m\u00e4rtsis tagasi FIFA presidendiks. Samal ajal arutavad maailma jalgpalli suurj\u00f5ud umbusaldush\u00e4\u00e4letuse algatamist p\u00e4rast tema nurjunud plaani kaasata FIFA suurv\u00f5istlustesse, sealhulgas MM-i, erakapitali.<\/p>\n<p>\u201eKNVB-l ei ole enam usaldust FIFA presidendi Gianni Infantino juhtimise vastu. Leiame, et FIFA vajab alates 2027. aastast uut juhtkonda,\u201c teatas KNVB. \u201eKuid ainult uuest presidendist ei piisa. Ka FIFA juhtimise korraldus peab muutuma. KNVB toetas Infantinot viimastel presidendivalimistel. See toetus ei olnud kunagi tingimusteta.\u201c<\/p>\n<p>KNVB tegi ettepaneku korraldada Amsterdamis \u201eRahvusvaheline tippkohtumine FIFA tuleviku teemal\u201c, r\u00f5hutades, et esmalt tuleks tippkohtumisel otsustada, \u201emillist FIFA-t me soovime\u201c, ning alles seej\u00e4rel keskenduda uue juhtkonna leidmisele.<\/p>\n<p>\u201eMe n\u00e4eme, et FIFA presidendi k\u00e4tte on koondunud liiga palju v\u00f5imu ning presidendi ja FIFA administratsiooni vahel ei ole piisavat v\u00f5imude lahusust,\u201c lisas KNVB.<\/p>\n<p>Hollandi jalgpalliliit t\u00f5i v\u00e4lja kolm peamist reformisuunda: parem juhtimine koos tugevamate kontrolli- ja tasakaalumehhanismidega, inim\u00f5iguste ja j\u00e4tkusuutlikkuse seadmine otsuste tegemise keskmesse ning tugevam rahvusvaheline koost\u00f6\u00f6. <\/p>\n<p>Samuti soovib KNVB, et FIFA seaks eesm\u00e4rgiks suunata kuni 90% jaotatavast tulust tagasi jalgpalli arendamisse.<\/p>\n<p>Kuidas see lugu Sind end tundma pani?Saada<a href=\"https:\/\/sport.delfi.ee\/artikkel\/120607089\/hollandi-jalgpalliliit-nouab-infantino-lahkumist-ja-soovib-korraldada-fifa-tippkohtumise\/kommentaarid\" class=\"button button--primary button--size-auto article-body-bottom__comment article-body-bottom__comment--write\" style=\"\" rel=\"nofollow noopener\" target=\"_blank\">Kommenteeri<\/a><a href=\"https:\/\/sport.delfi.ee\/artikkel\/120607089\/hollandi-jalgpalliliit-nouab-infantino-lahkumist-ja-soovib-korraldada-fifa-tippkohtumise\/kommentaarid\" class=\"button button--size-auto article-body-bottom__comment article-body-bottom__comment--read\" style=\"\" rel=\"nofollow noopener\" target=\"_blank\">Loe kommentaare (2)<\/a><\/p>\n","protected":false},"excerpt":{"rendered":"KNVB teatas p\u00fchap\u00e4eval, et on kaotanud usalduse Infantino vastu ning soovib muuta FIFA kogu struktuuri, mitte piirduda vaid&hellip;\n","protected":false},"author":2,"featured_media":264307,"comment_status":"","ping_status":"","sticky":false,"template":"","format":"standard","meta":{"footnotes":"","_share_on_mastodon":"0"},"categories":[18],"tags":[37,33,35,34,36,3223,3224,159,158],"class_list":["post-264306","post","type-post","status-publish","format-standard","has-post-thumbnail","category-sport","tag-ee","tag-eesti","tag-eesti-keel","tag-estonia","tag-estonian","tag-fifa","tag-gianni-infantino","tag-sport","tag-sports"],"share_on_mastodon":{"url":"https:\/\/pubeurope.com\/@ee\/117185092441647089","error":""},"_links":{"self":[{"href":"https:\/\/www.europesays.com\/ee\/wp-json\/wp\/v2\/posts\/264306","targetHints":{"allow":["GET"]}}],"collection":[{"href":"https:\/\/www.europesays.com\/ee\/wp-json\/wp\/v2\/posts"}],"about":[{"href":"https:\/\/www.europesays.com\/ee\/wp-json\/wp\/v2\/types\/post"}],"author":[{"embeddable":true,"href":"https:\/\/www.europesays.com\/ee\/wp-json\/wp\/v2\/users\/2"}],"replies":[{"embeddable":true,"href":"https:\/\/www.europesays.com\/ee\/wp-json\/wp\/v2\/comments?post=264306"}],"version-history":[{"count":0,"href":"https:\/\/www.europesays.com\/ee\/wp-json\/wp\/v2\/posts\/264306\/revisions"}],"wp:featuredmedia":[{"embeddable":true,"href":"https:\/\/www.europesays.com\/ee\/wp-json\/wp\/v2\/media\/264307"}],"wp:attachment":[{"href":"https:\/\/www.europesays.com\/ee\/wp-json\/wp\/v2\/media?parent=264306"}],"wp:term":[{"taxonomy":"category","embeddable":true,"href":"https:\/\/www.europesays.com\/ee\/wp-json\/wp\/v2\/categories?post=264306"},{"taxonomy":"post_tag","embeddable":true,"href":"https:\/\/www.europesays.com\/ee\/wp-json\/wp\/v2\/tags?post=264306"}],"curies":[{"name":"wp","href":"https:\/\/api.w.org\/{rel}","templated":true}]}}