{"id":264316,"date":"2026-08-30T15:21:41","date_gmt":"2026-08-30T15:21:41","guid":{"rendered":"https:\/\/www.europesays.com\/ee\/264316\/"},"modified":"2026-08-30T15:21:41","modified_gmt":"2026-08-30T15:21:41","slug":"usa-laiendas-oluliselt-iraanile-kehtestatud-sanktsioone-valismaa","status":"publish","type":"post","link":"https:\/\/www.europesays.com\/ee\/264316\/","title":{"rendered":"USA laiendas oluliselt Iraanile kehtestatud sanktsioone | V\u00e4lismaa"},"content":{"rendered":"<p>Ameerika \u00dchendriigid tugevdasid esmasp\u00e4eval oluliselt Iraanile kehtestatud sanktsioone, laiendades neid uutele majandussektoritele. Sanktsioonid hakkasid muu hulgas kehtima tehnoloogia-, kulla-, lennundus- ja laevandussektoris.<\/p>\n<p>&#8220;Rahandusministeerium tegi otsused viie kriitilise sektori ehk digivarade, tehnoloogia, kulla, lennunduse ja laevanduse suhtes, mida Iraani re\u017eiim kasutab oma kokkuvariseva majanduse turgutamiseks,&#8221; teatas USA rahandusministeerium oma avalduses.<\/p>\n<p>USA rahandusminister Scott Bessent esitas esmasp\u00e4eval kava Iraani majanduslikuks l\u00e4mmatamiseks, kui laiendas Washingtoni teiseste sanktsioonide \u00e4hvardusi ja hoiatas t\u00f5siste tagaj\u00e4rgede eest riike, mis sanktsioonidega ei \u00fchine.<\/p>\n<p>Uued sanktsioonide avaldati peaaegu kuus kuud p\u00e4rast seda, kui USA ja Iisrael alustasid \u00f5hur\u00fcnnakuid Iraanile. Praeguseks on s\u00f5da j\u00f5udnud patiseisu ning Washingtoni ja Teherani rahuk\u00f5nelused on soikunud.<\/p>\n<p>Bessent \u00fctles enne sanktsioonide avalikustamist esmasp\u00e4eval, et USA kuulutab Iraanile v\u00e4lja &#8220;majandusliku D-p\u00e4eva&#8221;, kasutades tavaliselt s\u00f5janduses tarvitatavat v\u00e4ljendit, millega t\u00e4histatakse otsustava r\u00fcnnaku algust.<\/p>\n<p>&#8220;Kogu maailmas on meie eesm\u00e4rk katkestada iga majanduslik eluliin, mis hoiab \u00fclal seda t\u00fcranlikku re\u017eiimi, kuni Teheran j\u00e4\u00e4b \u00fcksi,&#8221; \u00fctles Bessent ajakirjanikele.<\/p>\n<p>&#8220;Me v\u00f5tame k\u00f5ik vastutusele ja see on selle re\u017eiimi majanduslik l\u00e4mmatamine,&#8221; j\u00e4tkas minister.<\/p>\n<p>Bessent lisas, et riigid, mis ei \u00fchine USA sanktsioonidega, jagavad Iraani isolatsiooni.<\/p>\n<p>USA rahandusminister t\u00f5i \u00fchtlasi v\u00e4lja, et president Donald Trump helistab maailma liidritele palvetega l\u00f5petada suhtlemine Teheraniga.<\/p>\n<p>Iraani majandusminister Ali Madanizadeh ennustas esmasp\u00e4eval \u00dchendriikidele j\u00e4rjekordset l\u00fc\u00fcasaamist ja kinnitas, et islamivabariigil on Washingtoni uute sanktsioonide t\u00f5rjumiseks kaheaastane plaan.<\/p>\n<p>&#8220;Nad on teinud k\u00f5ik endast oleneva, et panna proovile Iraani rahva ja riigiametnike sihikindlus, kuid nad on iga kord eba\u00f5nnestunud. Tundub, et nad soovivad kannatada j\u00e4rjekordset l\u00fc\u00fcasaamist,&#8221; \u00fctles Madanizadeh riigitelevisioonile.<\/p>\n<p>&#8220;Oleme neid plaane pikka aega oodanud ning valitsus on ja oli valmis ning sel on kaheaastane plaan nende s\u00fcndmustega toimetulekuks,&#8221; lisas minister.<\/p>\n","protected":false},"excerpt":{"rendered":"Ameerika \u00dchendriigid tugevdasid esmasp\u00e4eval oluliselt Iraanile kehtestatud sanktsioone, laiendades neid uutele majandussektoritele. Sanktsioonid hakkasid muu hulgas kehtima tehnoloogia-,&hellip;\n","protected":false},"author":2,"featured_media":264317,"comment_status":"","ping_status":"","sticky":false,"template":"","format":"standard","meta":{"footnotes":"","_share_on_mastodon":"0"},"categories":[80],"tags":[71,26,27,37,33,35,34,36,31,32,21,28,29,95,19,999,25,23,24,22,20,1084,30,92,93,94],"class_list":["post-264316","post","type-post","status-publish","format-standard","has-post-thumbnail","category-maailm","tag-arvamus","tag-breaking-news","tag-breakingnews","tag-ee","tag-eesti","tag-eesti-keel","tag-estonia","tag-estonian","tag-featured-news","tag-featurednews","tag-headlines","tag-latest-news","tag-latestnews","tag-maailm","tag-news","tag-poliitika","tag-populaarseimad-lood","tag-top-stories","tag-topstories","tag-uldised-uudised","tag-uudised","tag-valismaa","tag-viimased-uudised","tag-world","tag-world-news","tag-worldnews"],"share_on_mastodon":{"url":"https:\/\/pubeurope.com\/@ee\/117185143455356188","error":""},"_links":{"self":[{"href":"https:\/\/www.europesays.com\/ee\/wp-json\/wp\/v2\/posts\/264316","targetHints":{"allow":["GET"]}}],"collection":[{"href":"https:\/\/www.europesays.com\/ee\/wp-json\/wp\/v2\/posts"}],"about":[{"href":"https:\/\/www.europesays.com\/ee\/wp-json\/wp\/v2\/types\/post"}],"author":[{"embeddable":true,"href":"https:\/\/www.europesays.com\/ee\/wp-json\/wp\/v2\/users\/2"}],"replies":[{"embeddable":true,"href":"https:\/\/www.europesays.com\/ee\/wp-json\/wp\/v2\/comments?post=264316"}],"version-history":[{"count":0,"href":"https:\/\/www.europesays.com\/ee\/wp-json\/wp\/v2\/posts\/264316\/revisions"}],"wp:featuredmedia":[{"embeddable":true,"href":"https:\/\/www.europesays.com\/ee\/wp-json\/wp\/v2\/media\/264317"}],"wp:attachment":[{"href":"https:\/\/www.europesays.com\/ee\/wp-json\/wp\/v2\/media?parent=264316"}],"wp:term":[{"taxonomy":"category","embeddable":true,"href":"https:\/\/www.europesays.com\/ee\/wp-json\/wp\/v2\/categories?post=264316"},{"taxonomy":"post_tag","embeddable":true,"href":"https:\/\/www.europesays.com\/ee\/wp-json\/wp\/v2\/tags?post=264316"}],"curies":[{"name":"wp","href":"https:\/\/api.w.org\/{rel}","templated":true}]}}