{"id":264318,"date":"2026-08-30T15:30:09","date_gmt":"2026-08-30T15:30:09","guid":{"rendered":"https:\/\/www.europesays.com\/ee\/264318\/"},"modified":"2026-08-30T15:30:09","modified_gmt":"2026-08-30T15:30:09","slug":"marquez-naitas-aragonis-taset-motosport","status":"publish","type":"post","link":"https:\/\/www.europesays.com\/ee\/264318\/","title":{"rendered":"Marquez n\u00e4itas Aragonis taset | Motosport"},"content":{"rendered":"<p>Mootorrataste ringrajas\u00f5idu sarja MotoGP etapil Aragoni ringrajal teenis esikoha Marc Marquez (Ducati), kes edestas 1,754 sekundiga Pedro Acostat (KTM).<\/p>\n<p>P\u00e4ev varem ka sprindi v\u00f5itnud Marquez heitles esikoha nimel itaallase Marco Bezzecchiga (Aprilia) ja suutis temast kuuendal ringil m\u00e4rkimisv\u00e4\u00e4rsel kombel m\u00f6\u00f6duda. Tippkiirust arendanud tsiklid ei olnud seejuures kaugel ka kokkup\u00f5rkest.<\/p>\n<p>&#8220;Ma kuulsin tema tsiklit 15. kurvis ja \u00fcritasin joont \u00fcletada, aga kui olime k\u00f5rvuti, siis surus \u00f5huvool \u00fcksteist v\u00e4ga tugevalt ja see oli kummaline tunne,&#8221; lausus l\u00f5puks kolmandana l\u00f5petanud Bezzecchi. &#8220;Oma kogemuste ja kiirusega oli Marc t\u00e4na alistamatu.&#8221;<\/p>\n<p>Marquezi jaoks oli tegemist juba kaheksanda korraga Aragoni ringrajal triumfeerida. Seejuures on ta viimasest kuuest etapist v\u00f5itnud neli ja v\u00e4hendanud vahet \u00fcldliider Jorge Martiniga (Aprilia).<\/p>\n<p>Kuraditosina etapi j\u00e4rel on Aragonis viiendana l\u00f5petanud Martinil n\u00fc\u00fcd 245 punkti. Teine on 237 punktiga Marquez ja kolmas 216 punktiga Bezzecchi.<\/p>\n<p>J\u00e4rgmine etapp s\u00f5idetakse kahe n\u00e4dala p\u00e4rast Misanos.<\/p>\n","protected":false},"excerpt":{"rendered":"Mootorrataste ringrajas\u00f5idu sarja MotoGP etapil Aragoni ringrajal teenis esikoha Marc Marquez (Ducati), kes edestas 1,754 sekundiga Pedro Acostat&hellip;\n","protected":false},"author":2,"featured_media":264319,"comment_status":"","ping_status":"","sticky":false,"template":"","format":"standard","meta":{"footnotes":"","_share_on_mastodon":"0"},"categories":[18],"tags":[37,33,35,34,36,5248,12721,4880,102704,159,158],"class_list":["post-264318","post","type-post","status-publish","format-standard","has-post-thumbnail","category-sport","tag-ee","tag-eesti","tag-eesti-keel","tag-estonia","tag-estonian","tag-marc-marquez","tag-marco-bezzecchi","tag-motogp","tag-pedro-acosta","tag-sport","tag-sports"],"share_on_mastodon":{"url":"https:\/\/pubeurope.com\/@ee\/117185178670889507","error":""},"_links":{"self":[{"href":"https:\/\/www.europesays.com\/ee\/wp-json\/wp\/v2\/posts\/264318","targetHints":{"allow":["GET"]}}],"collection":[{"href":"https:\/\/www.europesays.com\/ee\/wp-json\/wp\/v2\/posts"}],"about":[{"href":"https:\/\/www.europesays.com\/ee\/wp-json\/wp\/v2\/types\/post"}],"author":[{"embeddable":true,"href":"https:\/\/www.europesays.com\/ee\/wp-json\/wp\/v2\/users\/2"}],"replies":[{"embeddable":true,"href":"https:\/\/www.europesays.com\/ee\/wp-json\/wp\/v2\/comments?post=264318"}],"version-history":[{"count":0,"href":"https:\/\/www.europesays.com\/ee\/wp-json\/wp\/v2\/posts\/264318\/revisions"}],"wp:featuredmedia":[{"embeddable":true,"href":"https:\/\/www.europesays.com\/ee\/wp-json\/wp\/v2\/media\/264319"}],"wp:attachment":[{"href":"https:\/\/www.europesays.com\/ee\/wp-json\/wp\/v2\/media?parent=264318"}],"wp:term":[{"taxonomy":"category","embeddable":true,"href":"https:\/\/www.europesays.com\/ee\/wp-json\/wp\/v2\/categories?post=264318"},{"taxonomy":"post_tag","embeddable":true,"href":"https:\/\/www.europesays.com\/ee\/wp-json\/wp\/v2\/tags?post=264318"}],"curies":[{"name":"wp","href":"https:\/\/api.w.org\/{rel}","templated":true}]}}