{"id":264326,"date":"2026-08-30T15:56:10","date_gmt":"2026-08-30T15:56:10","guid":{"rendered":"https:\/\/www.europesays.com\/ee\/264326\/"},"modified":"2026-08-30T15:56:10","modified_gmt":"2026-08-30T15:56:10","slug":"video-ja-galerii-%e2%9f%a9-16aastane-noormees-vottis-kogenud-meistrite-kae-all-ette-uhepuulootsiku-ehitamise","status":"publish","type":"post","link":"https:\/\/www.europesays.com\/ee\/264326\/","title":{"rendered":"VIDEO JA GALERII \u27e9 16aastane noormees v\u00f5ttis kogenud meistrite k\u00e4e all ette \u00fchepuulootsiku ehitamise"},"content":{"rendered":"<p>Talvel Tori vallas Aesoos maha saetud haavanott oli selle n\u00e4dala alguseks lootsikukujuliseks tahutud, sest t\u00fchjaks uuristatud ning Tori silla k\u00f5rval asuvas haabjakojas ehitati \u00fcles tuleriit, et ette v\u00f5tta laotamine ehk paaditooriku parraste tule ja vee abil laialipainutamine.<\/p>\n<p>Kui kella 10 paiku alustatud laotamise ajal n\u00e4itas m\u00f5\u00f5dulint parraste kauguseks \u00fcksteisest 27 sentimeetrit, siis tulevase vees\u00f5iduvahendi k\u00f5rvale tehtud tule, k\u00fcnasse kallatud vee ja lepatokkidega painutamise abil hakkasid lootsiku k\u00fcljed tund-tunni haaval \u00fcha laiemaks venima kuni ligemale kaheksatunnise ettev\u00f5tmise l\u00f5puks haabjas soovitud kuju saavutas.<\/p>\n","protected":false},"excerpt":{"rendered":"Talvel Tori vallas Aesoos maha saetud haavanott oli selle n\u00e4dala alguseks lootsikukujuliseks tahutud, sest t\u00fchjaks uuristatud ning Tori&hellip;\n","protected":false},"author":2,"featured_media":264327,"comment_status":"","ping_status":"","sticky":false,"template":"","format":"standard","meta":{"footnotes":"","_share_on_mastodon":"0"},"categories":[5],"tags":[21332,102708,26,27,37,33,35,34,36,31,32,21333,21,102710,102709,28,29,102707,19,25,1779,23,24,52511,102706,22,31208,20,30],"class_list":["post-264326","post","type-post","status-publish","format-standard","has-post-thumbnail","category-uldised-uudised","tag-aivar-ruukel","tag-barbara-hein","tag-breaking-news","tag-breakingnews","tag-ee","tag-eesti","tag-eesti-keel","tag-estonia","tag-estonian","tag-featured-news","tag-featurednews","tag-haabjas","tag-headlines","tag-hoimukalender","tag-jaan-keerdo","tag-latest-news","tag-latestnews","tag-mathias-hein","tag-news","tag-populaarseimad-lood","tag-soomaa","tag-top-stories","tag-topstories","tag-tori","tag-uhepuulootsik","tag-uldised-uudised","tag-unesco-vaimne-kultuuriparand","tag-uudised","tag-viimased-uudised"],"share_on_mastodon":{"url":"https:\/\/pubeurope.com\/@ee\/117185280877812788","error":""},"_links":{"self":[{"href":"https:\/\/www.europesays.com\/ee\/wp-json\/wp\/v2\/posts\/264326","targetHints":{"allow":["GET"]}}],"collection":[{"href":"https:\/\/www.europesays.com\/ee\/wp-json\/wp\/v2\/posts"}],"about":[{"href":"https:\/\/www.europesays.com\/ee\/wp-json\/wp\/v2\/types\/post"}],"author":[{"embeddable":true,"href":"https:\/\/www.europesays.com\/ee\/wp-json\/wp\/v2\/users\/2"}],"replies":[{"embeddable":true,"href":"https:\/\/www.europesays.com\/ee\/wp-json\/wp\/v2\/comments?post=264326"}],"version-history":[{"count":0,"href":"https:\/\/www.europesays.com\/ee\/wp-json\/wp\/v2\/posts\/264326\/revisions"}],"wp:featuredmedia":[{"embeddable":true,"href":"https:\/\/www.europesays.com\/ee\/wp-json\/wp\/v2\/media\/264327"}],"wp:attachment":[{"href":"https:\/\/www.europesays.com\/ee\/wp-json\/wp\/v2\/media?parent=264326"}],"wp:term":[{"taxonomy":"category","embeddable":true,"href":"https:\/\/www.europesays.com\/ee\/wp-json\/wp\/v2\/categories?post=264326"},{"taxonomy":"post_tag","embeddable":true,"href":"https:\/\/www.europesays.com\/ee\/wp-json\/wp\/v2\/tags?post=264326"}],"curies":[{"name":"wp","href":"https:\/\/api.w.org\/{rel}","templated":true}]}}