{"id":264338,"date":"2026-08-30T16:19:12","date_gmt":"2026-08-30T16:19:12","guid":{"rendered":"https:\/\/www.europesays.com\/ee\/264338\/"},"modified":"2026-08-30T16:19:12","modified_gmt":"2026-08-30T16:19:12","slug":"vuelta-liidrikohalt-katkestanud-tadej-pogacar-laheb-operatsioonile","status":"publish","type":"post","link":"https:\/\/www.europesays.com\/ee\/264338\/","title":{"rendered":"Vuelta liidrikohalt katkestanud Tadej Pogacar l\u00e4heb operatsioonile"},"content":{"rendered":"<p>Tuuri liider ja maailmameister Pogacar kukkus laup\u00e4eval toimunud kaheksanda etapi l\u00f5puosas, kui fini\u0161ini oli j\u00e4\u00e4nud umbes 33 kilomeetrit. Pogacar s\u00f5itis kukkumise hetkel suure grupi keskel. Ta p\u00f6\u00f6ras j\u00e4rsku paremale ja p\u00f5rkas kokku teise ratturiga. Seej\u00e4rel s\u00f5itsid talle tagant sisse veel mitmed teised ratturid.  <\/p>\n<p>Sloveen \u00fcritas n\u00e4iliselt uuesti jalgrattale istuda, kuid raputas seej\u00e4rel pead ja istus taas maha. Seej\u00e4rel k\u00f5ndis ta omal jalal kiirabiautosse. See oli esimene kord, kui Pogacar katkestas suurtuuri.<\/p>\n<p>Sama p\u00e4eva \u00f5htul tehtud meditsiinilise kontrolli kohaselt sai 27-aastane Pogacar lisaks vasaku rangluu murrule ka ajup\u00f5rutuse, stabiilse kaelal\u00fclide murru ning mitmeid marrastusi. \u201e\u00d5nneks ei ole muid t\u00f5siseid vigastusi ega neuroloogilisi kahjustusi,\u201c \u00fctles UAE Team Emiratesi meditsiinidirektor dr Adrian Rotunno.<\/p>\n<p>\u201eTa vajab rangluuoperatsiooni, kuid ajup\u00f5rutusega seotud ettevaatusabin\u00f5ude t\u00f5ttu tuleb operatsioon edasi l\u00fckata. Tadej j\u00e4\u00e4b meie meditsiinimeeskonna hoole alla ning anname p\u00e4rast operatsiooni t\u00e4iendavat infot tema seisundi kohta,\u201c lisas meditsiinidirektor. <\/p>\n<p>Kuidas see lugu Sind end tundma pani?Saada<a href=\"https:\/\/sport.delfi.ee\/artikkel\/120607099\/vuelta-liidrikohalt-katkestanud-tadej-pogacar-laheb-operatsioonile\/kommentaarid\" class=\"button button--primary button--size-auto article-body-bottom__comment article-body-bottom__comment--write\" style=\"\" rel=\"nofollow noopener\" target=\"_blank\">Kommenteeri<\/a><a href=\"https:\/\/sport.delfi.ee\/artikkel\/120607099\/vuelta-liidrikohalt-katkestanud-tadej-pogacar-laheb-operatsioonile\/kommentaarid\" class=\"button button--size-auto article-body-bottom__comment article-body-bottom__comment--read\" style=\"\" rel=\"nofollow noopener\" target=\"_blank\">Loe kommentaare (1)<\/a><\/p>\n","protected":false},"excerpt":{"rendered":"Tuuri liider ja maailmameister Pogacar kukkus laup\u00e4eval toimunud kaheksanda etapi l\u00f5puosas, kui fini\u0161ini oli j\u00e4\u00e4nud umbes 33 kilomeetrit.&hellip;\n","protected":false},"author":2,"featured_media":264339,"comment_status":"","ping_status":"","sticky":false,"template":"","format":"standard","meta":{"footnotes":"","_share_on_mastodon":"0"},"categories":[5],"tags":[26,27,37,33,35,34,36,31,32,21,28,29,19,25,5382,23,24,22,20,30,2477],"class_list":["post-264338","post","type-post","status-publish","format-standard","has-post-thumbnail","category-uldised-uudised","tag-breaking-news","tag-breakingnews","tag-ee","tag-eesti","tag-eesti-keel","tag-estonia","tag-estonian","tag-featured-news","tag-featurednews","tag-headlines","tag-latest-news","tag-latestnews","tag-news","tag-populaarseimad-lood","tag-tadej-pogacar","tag-top-stories","tag-topstories","tag-uldised-uudised","tag-uudised","tag-viimased-uudised","tag-vuelta"],"share_on_mastodon":{"url":"https:\/\/pubeurope.com\/@ee\/117185371657561188","error":""},"_links":{"self":[{"href":"https:\/\/www.europesays.com\/ee\/wp-json\/wp\/v2\/posts\/264338","targetHints":{"allow":["GET"]}}],"collection":[{"href":"https:\/\/www.europesays.com\/ee\/wp-json\/wp\/v2\/posts"}],"about":[{"href":"https:\/\/www.europesays.com\/ee\/wp-json\/wp\/v2\/types\/post"}],"author":[{"embeddable":true,"href":"https:\/\/www.europesays.com\/ee\/wp-json\/wp\/v2\/users\/2"}],"replies":[{"embeddable":true,"href":"https:\/\/www.europesays.com\/ee\/wp-json\/wp\/v2\/comments?post=264338"}],"version-history":[{"count":0,"href":"https:\/\/www.europesays.com\/ee\/wp-json\/wp\/v2\/posts\/264338\/revisions"}],"wp:featuredmedia":[{"embeddable":true,"href":"https:\/\/www.europesays.com\/ee\/wp-json\/wp\/v2\/media\/264339"}],"wp:attachment":[{"href":"https:\/\/www.europesays.com\/ee\/wp-json\/wp\/v2\/media?parent=264338"}],"wp:term":[{"taxonomy":"category","embeddable":true,"href":"https:\/\/www.europesays.com\/ee\/wp-json\/wp\/v2\/categories?post=264338"},{"taxonomy":"post_tag","embeddable":true,"href":"https:\/\/www.europesays.com\/ee\/wp-json\/wp\/v2\/tags?post=264338"}],"curies":[{"name":"wp","href":"https:\/\/api.w.org\/{rel}","templated":true}]}}