{"id":264346,"date":"2026-08-30T16:38:11","date_gmt":"2026-08-30T16:38:11","guid":{"rendered":"https:\/\/www.europesays.com\/ee\/264346\/"},"modified":"2026-08-30T16:38:11","modified_gmt":"2026-08-30T16:38:11","slug":"intervjuu-nagu-vastu-lauda-pastakas-kaes-ukraina-inimoiguslane-raagib-kuidas-venelased-temalt-ulestunnistust-valja-peksid","status":"publish","type":"post","link":"https:\/\/www.europesays.com\/ee\/264346\/","title":{"rendered":"INTERVJUU | N\u00e4gu vastu lauda, pastakas k\u00e4es. Ukraina inim\u00f5iguslane r\u00e4\u00e4gib, kuidas venelased temalt \u00fclestunnistust v\u00e4lja peksid"},"content":{"rendered":"<p><img decoding=\"async\" src=\"https:\/\/www.europesays.com\/ee\/wp-content\/uploads\/2026\/08\/aca1bab4-2701-4102-a8ba-d98f50a3d451.jpg\" loading=\"lazy\" alt=\"ANTIMILITARIST RELVAGA: Ka n\u00fc\u00fcd, p\u00e4rast s\u00f5jas osalemist nimetab Maks\u00f5m Butkevit\u0161 end antimilitaristiks. Aga patsifistiks mitte, kuna inim\u00f5igusi peab olema valmis ka relvaga kaitsma.\"\/><\/p>\n<p>ANTIMILITARIST RELVAGA: Ka n\u00fc\u00fcd, p\u00e4rast s\u00f5jas osalemist nimetab Maks\u00f5m Butkevit\u0161 end antimilitaristiks. Aga patsifistiks mitte, kuna inim\u00f5igusi peab olema valmis ka relvaga kaitsma.<\/p>\n<p>FOTO: Kiur Kaasik| Delfi Meedia<\/p>\n<p>Olete pidanud sellele k\u00fcsimusele kindlasti k\u00fcmneid kordi vastama, aga kas saaksite l\u00fchidalt kirjeldada, kuidas s\u00f5tta ja vangi sattusite.<\/p>\n","protected":false},"excerpt":{"rendered":"ANTIMILITARIST RELVAGA: Ka n\u00fc\u00fcd, p\u00e4rast s\u00f5jas osalemist nimetab Maks\u00f5m Butkevit\u0161 end antimilitaristiks. Aga patsifistiks mitte, kuna inim\u00f5igusi peab&hellip;\n","protected":false},"author":2,"featured_media":264347,"comment_status":"","ping_status":"","sticky":false,"template":"","format":"standard","meta":{"footnotes":"","_share_on_mastodon":"0"},"categories":[14],"tags":[131,130,37,33,35,34,36,5327,107,262],"class_list":["post-264346","post","type-post","status-publish","format-standard","has-post-thumbnail","category-ari","tag-ari","tag-business","tag-ee","tag-eesti","tag-eesti-keel","tag-estonia","tag-estonian","tag-inimoigused","tag-soda-ukrainas","tag-ukraina"],"share_on_mastodon":{"url":"https:\/\/pubeurope.com\/@ee\/117185446632875496","error":""},"_links":{"self":[{"href":"https:\/\/www.europesays.com\/ee\/wp-json\/wp\/v2\/posts\/264346","targetHints":{"allow":["GET"]}}],"collection":[{"href":"https:\/\/www.europesays.com\/ee\/wp-json\/wp\/v2\/posts"}],"about":[{"href":"https:\/\/www.europesays.com\/ee\/wp-json\/wp\/v2\/types\/post"}],"author":[{"embeddable":true,"href":"https:\/\/www.europesays.com\/ee\/wp-json\/wp\/v2\/users\/2"}],"replies":[{"embeddable":true,"href":"https:\/\/www.europesays.com\/ee\/wp-json\/wp\/v2\/comments?post=264346"}],"version-history":[{"count":0,"href":"https:\/\/www.europesays.com\/ee\/wp-json\/wp\/v2\/posts\/264346\/revisions"}],"wp:featuredmedia":[{"embeddable":true,"href":"https:\/\/www.europesays.com\/ee\/wp-json\/wp\/v2\/media\/264347"}],"wp:attachment":[{"href":"https:\/\/www.europesays.com\/ee\/wp-json\/wp\/v2\/media?parent=264346"}],"wp:term":[{"taxonomy":"category","embeddable":true,"href":"https:\/\/www.europesays.com\/ee\/wp-json\/wp\/v2\/categories?post=264346"},{"taxonomy":"post_tag","embeddable":true,"href":"https:\/\/www.europesays.com\/ee\/wp-json\/wp\/v2\/tags?post=264346"}],"curies":[{"name":"wp","href":"https:\/\/api.w.org\/{rel}","templated":true}]}}