{"id":264348,"date":"2026-08-30T16:50:10","date_gmt":"2026-08-30T16:50:10","guid":{"rendered":"https:\/\/www.europesays.com\/ee\/264348\/"},"modified":"2026-08-30T16:50:10","modified_gmt":"2026-08-30T16:50:10","slug":"ajakirjanik-kes-paneb-peaministrid-narveerima-20-aastat-uurimistood-tapmisahvardused-ja-usk-imedesse","status":"publish","type":"post","link":"https:\/\/www.europesays.com\/ee\/264348\/","title":{"rendered":"Ajakirjanik, kes paneb peaministrid n\u00e4rveerima: 20 aastat uurimist\u00f6\u00f6d, tapmis\u00e4hvardused ja usk imedesse"},"content":{"rendered":"<ul class=\"article-bullets__content\">\n<li class=\"article-bullets__bullet\">\n<p>Montenegro peaministrit puudutav uurimus t\u00f5i talle \u00fclemaailmse kuulsuse ja otsesed tapmis\u00e4hvardused.<\/p>\n<\/li>\n<li class=\"article-bullets__bullet\">\n<p>\u00abAjakirjanduslik ime\u00bb: leidis ministri kohta kompromiteerivat materjali m\u00f6\u00f6blipoe veebilehe arhiivist.<\/p>\n<\/li>\n<li class=\"article-bullets__bullet\">\n<p>M\u00f5nikord t\u00f6\u00f6tavad ajakirjanikud \u00f5iguskaitseorganitest paremini, kuid poliitikud nimetavad neid vaenlasteks.<\/p>\n<\/li>\n<\/ul>\n<p>Riia Stockholmi K\u00f5rgema Majanduskooli (SSE) auditooriumist kostab vali ja nakatav naise naer. Nii naerab Miranda Patrucic (45), organiseeritud kuritegevuse ja korruptsiooni uurimise keskuse (OCCRP) peatoimetaja \u2013 \u00fcks maailma suurimaid uuriva ajakirjandusega tegelevaid organisatsioone.<\/p>\n<p>Bosnias ja Hertsegoviinas elav Miranda tuleb igal aastal Riiga, et pidada uuriva ajakirjanduse suvekooli osalejatele m\u00f5ned loengud.<\/p>\n<p>T\u00e4na esineb ta kuulajate ees ja naerab s\u00fcdamest, meenutades, kuidas aastaid tagasi nimetas Montenegro peaminister Milo \u0110ukanovi\u0107 teda avalikult \u00abrahvusvaheliseks reeturiks\u00bb. Selle p\u00f5hjuseks oli suure k\u00f5lapinnaga uurimus, milles Patrucic koos kolleegidega t\u00f5estas, kuidas \u0110ukanovi\u0107 kasutas riigiv\u00f5imu oma perekonna rikastamiseks.<\/p>\n<p>Rohkem kui 15 aastat hiljem k\u00f5lab see lugu Miranda suust nagu naljakas anekdoot, kuid v\u00e4hesed teavad, et p\u00e4rast seda skandaalset uurimust taheti ta tappa.<\/p>\n<p>Ma tahtsin saada filosoofiaprofessoriks<\/p>\n<p>\u00abMa ei ole kunagi unistanud ajakirjanikuks saamisest,\u00bb tunnistab Miranda, kui p\u00e4rast loengut temaga kahekesi j\u00e4\u00e4me. \u00abAstusin Bosnia \u00fclikooli filosoofiateaduskonda, sest tahtsin saada professoriks. Mitu aastat j\u00e4rjest olin \u00fcks parimaid tudengeid. Aga siis k\u00e4is minus mingi kl\u00f5ks \u2013 ja ma sain aru, et ma ei taha professoriks saada.\u00bb<\/p>\n<p>2004. aastal j\u00e4i Patrucicile silma t\u00f6\u00f6pakkumine ettev\u00f5ttes The Journalism Development Group (\u201eAjakirjanduse Arendamise Grupp\u201c). \u00abMa m\u00f5tlesin, et ajakirjandus Bosnias vajab t\u00f5epoolest arendamist,\u00bb muigab Miranda.<\/p>\n<p>Nagu selgus, oli tegemist uue uuriva ajakirjanduse keskusega Sarajevos (CIN) \u2013 esimese omataolise organisatsiooniga Bosnias. \u00abMind v\u00f5eti sinna t\u00f6\u00f6le assistent-t\u00f5lkijana ja ma pidasin seda ametit umbes kaks p\u00e4eva,\u00bb meenutab Patrucic.<\/p>\n<p>Juba m\u00f5ne p\u00e4eva p\u00e4rast avaldas ta keskuse veebilehel materjale ja tegi artiklite jaoks uurimist\u00f6\u00f6d. Peagi avanes ka esimene v\u00f5imalus t\u00f5eliseks uurimuseks: Miranda l\u00e4ks tudengina \u00fchte Bosnia \u00fclikooli, kus p\u00fc\u00fcdis osta diplomit \u2013 ja \u00fclikool oli r\u00f5\u00f5muga n\u00f5us. \u00abP\u00e4rast seda lugu armusin ma uurivasse ajakirjandusse,\u00bb l\u00f6\u00f6b Miranda n\u00e4gu naerule.<\/p>\n","protected":false},"excerpt":{"rendered":"Montenegro peaministrit puudutav uurimus t\u00f5i talle \u00fclemaailmse kuulsuse ja otsesed tapmis\u00e4hvardused. \u00abAjakirjanduslik ime\u00bb: leidis ministri kohta kompromiteerivat materjali&hellip;\n","protected":false},"author":2,"featured_media":264349,"comment_status":"","ping_status":"","sticky":false,"template":"","format":"standard","meta":{"footnotes":"","_share_on_mastodon":"0"},"categories":[80],"tags":[6648,11143,26,27,37,33,35,34,36,31,32,102718,21,4097,28,29,95,102717,10182,19,7057,19790,102719,25,23,24,22,20,48809,30,92,93,94],"class_list":["post-264348","post","type-post","status-publish","format-standard","has-post-thumbnail","category-maailm","tag-aserbaidzaan","tag-bosnia-ja-hertsegoviina","tag-breaking-news","tag-breakingnews","tag-ee","tag-eesti","tag-eesti-keel","tag-estonia","tag-estonian","tag-featured-news","tag-featurednews","tag-hadidza-projekt","tag-headlines","tag-korruptsioon","tag-latest-news","tag-latestnews","tag-maailm","tag-miranda-patrucic","tag-montenegro","tag-news","tag-occrp","tag-organiseeritud-kuritegevus","tag-panama-paberid","tag-populaarseimad-lood","tag-top-stories","tag-topstories","tag-uldised-uudised","tag-uudised","tag-uuriv-ajakirjandus","tag-viimased-uudised","tag-world","tag-world-news","tag-worldnews"],"share_on_mastodon":{"url":"","error":"Validation failed: Text character limit of 500 exceeded"},"_links":{"self":[{"href":"https:\/\/www.europesays.com\/ee\/wp-json\/wp\/v2\/posts\/264348","targetHints":{"allow":["GET"]}}],"collection":[{"href":"https:\/\/www.europesays.com\/ee\/wp-json\/wp\/v2\/posts"}],"about":[{"href":"https:\/\/www.europesays.com\/ee\/wp-json\/wp\/v2\/types\/post"}],"author":[{"embeddable":true,"href":"https:\/\/www.europesays.com\/ee\/wp-json\/wp\/v2\/users\/2"}],"replies":[{"embeddable":true,"href":"https:\/\/www.europesays.com\/ee\/wp-json\/wp\/v2\/comments?post=264348"}],"version-history":[{"count":0,"href":"https:\/\/www.europesays.com\/ee\/wp-json\/wp\/v2\/posts\/264348\/revisions"}],"wp:featuredmedia":[{"embeddable":true,"href":"https:\/\/www.europesays.com\/ee\/wp-json\/wp\/v2\/media\/264349"}],"wp:attachment":[{"href":"https:\/\/www.europesays.com\/ee\/wp-json\/wp\/v2\/media?parent=264348"}],"wp:term":[{"taxonomy":"category","embeddable":true,"href":"https:\/\/www.europesays.com\/ee\/wp-json\/wp\/v2\/categories?post=264348"},{"taxonomy":"post_tag","embeddable":true,"href":"https:\/\/www.europesays.com\/ee\/wp-json\/wp\/v2\/tags?post=264348"}],"curies":[{"name":"wp","href":"https:\/\/api.w.org\/{rel}","templated":true}]}}