{"id":264352,"date":"2026-08-30T17:01:49","date_gmt":"2026-08-30T17:01:49","guid":{"rendered":"https:\/\/www.europesays.com\/ee\/264352\/"},"modified":"2026-08-30T17:01:49","modified_gmt":"2026-08-30T17:01:49","slug":"mis-on-venemaalt-saadav-strateegiline-kaup-mille-tottu-ei-taha-keldo-seal-tegutsevate-firmade-nimesid-avaldada","status":"publish","type":"post","link":"https:\/\/www.europesays.com\/ee\/264352\/","title":{"rendered":"Mis on Venemaalt saadav strateegiline kaup, mille t\u00f5ttu ei taha Keldo seal tegutsevate firmade nimesid avaldada?"},"content":{"rendered":"<p>L\u00e4inud n\u00e4dalal teatas L\u00e4ti, et hakkab avaldama nende ettev\u00f5tete nimesid, kes Venemaal \u00e4ri ajavad. Eestis polevat see v\u00f5imalik: majandus- ja t\u00f6\u00f6stusminister Erkki Keldo p\u00f5hjendas seda muuhulgas sellega, et tuleb \u00fcle vaadata erand strateegilistele kaupadele. Millised need Venemaalt saadavad strateegilised kaubad on? Keldo t\u00e4psustab n\u00fc\u00fcd, et sellist kaupa ikka ei ole.<\/p>\n","protected":false},"excerpt":{"rendered":"L\u00e4inud n\u00e4dalal teatas L\u00e4ti, et hakkab avaldama nende ettev\u00f5tete nimesid, kes Venemaal \u00e4ri ajavad. Eestis polevat see v\u00f5imalik:&hellip;\n","protected":false},"author":2,"featured_media":264353,"comment_status":"","ping_status":"","sticky":false,"template":"","format":"standard","meta":{"footnotes":"","_share_on_mastodon":"0"},"categories":[80],"tags":[1221,91316,26,27,37,33,35,1850,2197,34,36,34925,590,31,32,21,6746,28,29,114,95,100405,19,25,2797,23,24,22,20,96,102721,30,92,93,94],"class_list":["post-264352","post","type-post","status-publish","format-standard","has-post-thumbnail","category-maailm","tag-andmekaitse","tag-arisaladus","tag-breaking-news","tag-breakingnews","tag-ee","tag-eesti","tag-eesti-keel","tag-eksport","tag-erkki-keldo","tag-estonia","tag-estonian","tag-ettevotted","tag-euroopa-liit","tag-featured-news","tag-featurednews","tag-headlines","tag-import","tag-latest-news","tag-latestnews","tag-lati","tag-maailm","tag-maksusaladus","tag-news","tag-populaarseimad-lood","tag-sanktsioonid","tag-top-stories","tag-topstories","tag-uldised-uudised","tag-uudised","tag-venemaa","tag-venemaalt-saadav-strateegiline-kaup","tag-viimased-uudised","tag-world","tag-world-news","tag-worldnews"],"share_on_mastodon":{"url":"","error":"Validation failed: Text character limit of 500 exceeded"},"_links":{"self":[{"href":"https:\/\/www.europesays.com\/ee\/wp-json\/wp\/v2\/posts\/264352","targetHints":{"allow":["GET"]}}],"collection":[{"href":"https:\/\/www.europesays.com\/ee\/wp-json\/wp\/v2\/posts"}],"about":[{"href":"https:\/\/www.europesays.com\/ee\/wp-json\/wp\/v2\/types\/post"}],"author":[{"embeddable":true,"href":"https:\/\/www.europesays.com\/ee\/wp-json\/wp\/v2\/users\/2"}],"replies":[{"embeddable":true,"href":"https:\/\/www.europesays.com\/ee\/wp-json\/wp\/v2\/comments?post=264352"}],"version-history":[{"count":0,"href":"https:\/\/www.europesays.com\/ee\/wp-json\/wp\/v2\/posts\/264352\/revisions"}],"wp:featuredmedia":[{"embeddable":true,"href":"https:\/\/www.europesays.com\/ee\/wp-json\/wp\/v2\/media\/264353"}],"wp:attachment":[{"href":"https:\/\/www.europesays.com\/ee\/wp-json\/wp\/v2\/media?parent=264352"}],"wp:term":[{"taxonomy":"category","embeddable":true,"href":"https:\/\/www.europesays.com\/ee\/wp-json\/wp\/v2\/categories?post=264352"},{"taxonomy":"post_tag","embeddable":true,"href":"https:\/\/www.europesays.com\/ee\/wp-json\/wp\/v2\/tags?post=264352"}],"curies":[{"name":"wp","href":"https:\/\/api.w.org\/{rel}","templated":true}]}}