{"id":264358,"date":"2026-08-30T17:14:38","date_gmt":"2026-08-30T17:14:38","guid":{"rendered":"https:\/\/www.europesays.com\/ee\/264358\/"},"modified":"2026-08-30T17:14:38","modified_gmt":"2026-08-30T17:14:38","slug":"riiginimelisi-tanavaid-taastanud-viljandi-poliitikud-agressori-nime-kandvat-tanavat-ei-kaotanud","status":"publish","type":"post","link":"https:\/\/www.europesays.com\/ee\/264358\/","title":{"rendered":"Riiginimelisi t\u00e4navaid taastanud Viljandi poliitikud agressori nime kandvat t\u00e4navat ei kaotanud"},"content":{"rendered":"<p>Viljandi volikogu napp ristis neljap\u00e4eval \u00fche Viljandi t\u00e4nava Eesti idanaabriga s\u00f5bralikes suhetes oleva Serbia riigi j\u00e4rgi ning otsustas mitte kuulata opositsiooni ettepanekut ja j\u00e4ttis linna alles agressoririigile viitava Vene t\u00e4nava. Opositsioon soovitas Serbia asemel kasutada Islandi nime ja Vene t\u00e4nav muuta Ameerikaks.<\/p>\n<p>\u201eNeed on ajaloolised nimed,\u201d p\u00f5hjendas t\u00e4nane Viljandi linnapea Jaak Pihlak Serbia ja Vene nime kasutamist-<\/p>\n","protected":false},"excerpt":{"rendered":"Viljandi volikogu napp ristis neljap\u00e4eval \u00fche Viljandi t\u00e4nava Eesti idanaabriga s\u00f5bralikes suhetes oleva Serbia riigi j\u00e4rgi ning otsustas&hellip;\n","protected":false},"author":2,"featured_media":264359,"comment_status":"","ping_status":"","sticky":false,"template":"","format":"standard","meta":{"footnotes":"","_share_on_mastodon":"0"},"categories":[12],"tags":[461,26,27,37,33,35,34,36,31,32,21,38788,2407,16042,2224,102725,28,29,102726,19,25,102724,3822,1037,23,24,22,20,102723,30,986,28530],"class_list":["post-264358","post","type-post","status-publish","format-standard","has-post-thumbnail","category-eesti","tag-ameerika","tag-breaking-news","tag-breakingnews","tag-ee","tag-eesti","tag-eesti-keel","tag-estonia","tag-estonian","tag-featured-news","tag-featurednews","tag-headlines","tag-heiki-raudla","tag-island","tag-jaak-pihlak","tag-johan-kristjan-konovalov","tag-kantrekula","tag-latest-news","tag-latestnews","tag-mannimae","tag-news","tag-populaarseimad-lood","tag-riiginimedega-tanavad","tag-serbia","tag-tartu-rahuleping","tag-top-stories","tag-topstories","tag-uldised-uudised","tag-uudised","tag-vene-tanav","tag-viimased-uudised","tag-viljandi","tag-viljandi-volikogu"],"share_on_mastodon":{"url":"","error":"Validation failed: Text character limit of 500 exceeded"},"_links":{"self":[{"href":"https:\/\/www.europesays.com\/ee\/wp-json\/wp\/v2\/posts\/264358","targetHints":{"allow":["GET"]}}],"collection":[{"href":"https:\/\/www.europesays.com\/ee\/wp-json\/wp\/v2\/posts"}],"about":[{"href":"https:\/\/www.europesays.com\/ee\/wp-json\/wp\/v2\/types\/post"}],"author":[{"embeddable":true,"href":"https:\/\/www.europesays.com\/ee\/wp-json\/wp\/v2\/users\/2"}],"replies":[{"embeddable":true,"href":"https:\/\/www.europesays.com\/ee\/wp-json\/wp\/v2\/comments?post=264358"}],"version-history":[{"count":0,"href":"https:\/\/www.europesays.com\/ee\/wp-json\/wp\/v2\/posts\/264358\/revisions"}],"wp:featuredmedia":[{"embeddable":true,"href":"https:\/\/www.europesays.com\/ee\/wp-json\/wp\/v2\/media\/264359"}],"wp:attachment":[{"href":"https:\/\/www.europesays.com\/ee\/wp-json\/wp\/v2\/media?parent=264358"}],"wp:term":[{"taxonomy":"category","embeddable":true,"href":"https:\/\/www.europesays.com\/ee\/wp-json\/wp\/v2\/categories?post=264358"},{"taxonomy":"post_tag","embeddable":true,"href":"https:\/\/www.europesays.com\/ee\/wp-json\/wp\/v2\/tags?post=264358"}],"curies":[{"name":"wp","href":"https:\/\/api.w.org\/{rel}","templated":true}]}}