{"id":264364,"date":"2026-08-30T17:33:08","date_gmt":"2026-08-30T17:33:08","guid":{"rendered":"https:\/\/www.europesays.com\/ee\/264364\/"},"modified":"2026-08-30T17:33:08","modified_gmt":"2026-08-30T17:33:08","slug":"paide-pooras-flora-vastu-lopus-kaotusseisu-voiduks-premium-liiga","status":"publish","type":"post","link":"https:\/\/www.europesays.com\/ee\/264364\/","title":{"rendered":"Paide p\u00f6\u00f6ras Flora vastu l\u00f5pus kaotusseisu v\u00f5iduks | Premium liiga"},"content":{"rendered":"<p>Paide Linnameeskond tuli viimastel minutitel kaotusseisust v\u00e4lja ja alistas Premium liiga 25. vooru kohtumises v\u00f5\u00f5rsil Tallinna FC Flora 2:1.<\/p>\n<p>P\u00e4rast v\u00e4raveta avapoolaega viis Sander Alamaa kodumeeskonna 47. minutil juhtima ja 1:0 p\u00fcsis tablool k\u00fcllalt kaua. 86. minutil aga k\u00fclaliste vahetusmees Dawda Darboe viigistas ja 90. minutil l\u00f5i teine vahetusmees Martin Miller endise koduklubi vastu v\u00f5idutabamuse.<\/p>\n<p>See t\u00e4hendab, et tabelis t\u00f5usid Flora ja Paide v\u00f5rdselt 42 punkti peale, aga Floral on hetkel parem v\u00e4ravatevahe. Omavahelistes m\u00e4ngudes on Paide saanud aga kaks v\u00f5itu ja \u00fche kaotuse.<\/p>\n<p>Enne m\u00e4ngu<\/p>\n<p>Tiitlikaitsjal Floral on k\u00e4sil keeruline periood, kui k\u00f5igi v\u00f5istlussarjade peale on viimasest viiest kohtumisest kaotatud neli, sealjuures viimase kahe n\u00e4dala jooksul Premium liigas nii Tammekale kui Kuressaarele.<\/p>\n<p>Tabelis on Flora 42 punktiga kolmandal kohal ning lubanud kolme viimase m\u00e4nguga seitse punkti kogunud Paide 39 punktiga endale kuklasse hingama. Tabeliliider Levadia on kogunud 56 punkti ja kohtub p\u00fchap\u00e4eval teise koha meeskonna N\u00f5mme Kaljuga. Edu korral v\u00f5ib Levadia vahe nende ees kasvatada juba 15 punktile, aga kui Kalju peaks kaotama ja Flora v\u00f5itma, t\u00f5useb tiitlikaitsja ise teiseks.<\/p>\n<p>Kui mai l\u00f5pus toimunud Tipneri karikafinaalis sai Flora koguni 5:1 v\u00f5idu, siis jaanip\u00e4evaeelses Premium liiga kohtumises v\u00f5ttis Paide rahvusstaadionil 2:1 v\u00f5iduga revan\u0161i. Hooaja esimese omavahelise m\u00e4ngu Paides v\u00f5itis Flora aprilli viimasel n\u00e4dalal 2:1.<\/p>\n<p>&#8220;Alati ei l\u00e4he asjad nii nagu soovime. Jaapani vanas\u00f5na \u00fctleb, et kuku seitse korda, aga t\u00f5use kaheksa. Eelmine m\u00e4ng oli keeruline, aga juba tuleb uus v\u00f5imalus. Tuleb m\u00f5\u00f5gad ristata Paidega ja loodame oma koduv\u00e4ljakul neid teravalt susata,&#8221; kommenteeris kohtumise eel Flora treener Aiko Orgla.<\/p>\n","protected":false},"excerpt":{"rendered":"Paide Linnameeskond tuli viimastel minutitel kaotusseisust v\u00e4lja ja alistas Premium liiga 25. vooru kohtumises v\u00f5\u00f5rsil Tallinna FC Flora&hellip;\n","protected":false},"author":2,"featured_media":264365,"comment_status":"","ping_status":"","sticky":false,"template":"","format":"standard","meta":{"footnotes":"","_share_on_mastodon":"0"},"categories":[18],"tags":[37,33,35,34,36,161,501,159,158],"class_list":["post-264364","post","type-post","status-publish","format-standard","has-post-thumbnail","category-sport","tag-ee","tag-eesti","tag-eesti-keel","tag-estonia","tag-estonian","tag-fc-flora","tag-paide-linnameeskond","tag-sport","tag-sports"],"share_on_mastodon":{"url":"https:\/\/pubeurope.com\/@ee\/117185662312598560","error":""},"_links":{"self":[{"href":"https:\/\/www.europesays.com\/ee\/wp-json\/wp\/v2\/posts\/264364","targetHints":{"allow":["GET"]}}],"collection":[{"href":"https:\/\/www.europesays.com\/ee\/wp-json\/wp\/v2\/posts"}],"about":[{"href":"https:\/\/www.europesays.com\/ee\/wp-json\/wp\/v2\/types\/post"}],"author":[{"embeddable":true,"href":"https:\/\/www.europesays.com\/ee\/wp-json\/wp\/v2\/users\/2"}],"replies":[{"embeddable":true,"href":"https:\/\/www.europesays.com\/ee\/wp-json\/wp\/v2\/comments?post=264364"}],"version-history":[{"count":0,"href":"https:\/\/www.europesays.com\/ee\/wp-json\/wp\/v2\/posts\/264364\/revisions"}],"wp:featuredmedia":[{"embeddable":true,"href":"https:\/\/www.europesays.com\/ee\/wp-json\/wp\/v2\/media\/264365"}],"wp:attachment":[{"href":"https:\/\/www.europesays.com\/ee\/wp-json\/wp\/v2\/media?parent=264364"}],"wp:term":[{"taxonomy":"category","embeddable":true,"href":"https:\/\/www.europesays.com\/ee\/wp-json\/wp\/v2\/categories?post=264364"},{"taxonomy":"post_tag","embeddable":true,"href":"https:\/\/www.europesays.com\/ee\/wp-json\/wp\/v2\/tags?post=264364"}],"curies":[{"name":"wp","href":"https:\/\/api.w.org\/{rel}","templated":true}]}}