{"id":264366,"date":"2026-08-30T17:36:10","date_gmt":"2026-08-30T17:36:10","guid":{"rendered":"https:\/\/www.europesays.com\/ee\/264366\/"},"modified":"2026-08-30T17:36:10","modified_gmt":"2026-08-30T17:36:10","slug":"meil-oli-koige-ilusam-suvi-kirjaniku-ootamatu-lahkumine-mattis-ka-abikaasade-pensioniplaanid","status":"publish","type":"post","link":"https:\/\/www.europesays.com\/ee\/264366\/","title":{"rendered":"\u00abMeil oli k\u00f5ige ilusam suvi.\u00bb Kirjaniku ootamatu lahkumine mattis ka abikaasade pensioniplaanid"},"content":{"rendered":"<p>T\u00f5rvast p\u00e4rit kirjanik Jaan Tangsoo ja abikaasa Laine plaanisid \u00fchist peagi saabuvat pensionip\u00f5lve, mil nad loodusearmastajatena koliksid l\u00f5plikult maale elama. Paraku kustutas \u00fchised tulevikuplaanid kirjaniku \u00e4kksurm n\u00e4dalap\u00e4evad tagasi.<\/p>\n<p>Jaan Tangsoo (20.05.1963\u201323.08.2026) oli T\u00f5rvas s\u00fcndinud kirjanik, kelle sulest valmis 1990. aastast alates mituk\u00fcmmend teost. Tema raamat \u00abHanejaht\u00bb j\u00f5udis muu hulgas ka koolides kohustusliku kirjanduse nimekirja.<\/p>\n","protected":false},"excerpt":{"rendered":"T\u00f5rvast p\u00e4rit kirjanik Jaan Tangsoo ja abikaasa Laine plaanisid \u00fchist peagi saabuvat pensionip\u00f5lve, mil nad loodusearmastajatena koliksid l\u00f5plikult&hellip;\n","protected":false},"author":2,"featured_media":264367,"comment_status":"","ping_status":"","sticky":false,"template":"","format":"standard","meta":{"footnotes":"","_share_on_mastodon":"0"},"categories":[12],"tags":[26,27,37,33,35,34,36,31,32,21,102727,28,29,19,25,5499,23,24,22,20,30],"class_list":["post-264366","post","type-post","status-publish","format-standard","has-post-thumbnail","category-eesti","tag-breaking-news","tag-breakingnews","tag-ee","tag-eesti","tag-eesti-keel","tag-estonia","tag-estonian","tag-featured-news","tag-featurednews","tag-headlines","tag-jaan-tangsoo","tag-latest-news","tag-latestnews","tag-news","tag-populaarseimad-lood","tag-surm","tag-top-stories","tag-topstories","tag-uldised-uudised","tag-uudised","tag-viimased-uudised"],"share_on_mastodon":{"url":"https:\/\/pubeurope.com\/@ee\/117185674436224017","error":""},"_links":{"self":[{"href":"https:\/\/www.europesays.com\/ee\/wp-json\/wp\/v2\/posts\/264366","targetHints":{"allow":["GET"]}}],"collection":[{"href":"https:\/\/www.europesays.com\/ee\/wp-json\/wp\/v2\/posts"}],"about":[{"href":"https:\/\/www.europesays.com\/ee\/wp-json\/wp\/v2\/types\/post"}],"author":[{"embeddable":true,"href":"https:\/\/www.europesays.com\/ee\/wp-json\/wp\/v2\/users\/2"}],"replies":[{"embeddable":true,"href":"https:\/\/www.europesays.com\/ee\/wp-json\/wp\/v2\/comments?post=264366"}],"version-history":[{"count":0,"href":"https:\/\/www.europesays.com\/ee\/wp-json\/wp\/v2\/posts\/264366\/revisions"}],"wp:featuredmedia":[{"embeddable":true,"href":"https:\/\/www.europesays.com\/ee\/wp-json\/wp\/v2\/media\/264367"}],"wp:attachment":[{"href":"https:\/\/www.europesays.com\/ee\/wp-json\/wp\/v2\/media?parent=264366"}],"wp:term":[{"taxonomy":"category","embeddable":true,"href":"https:\/\/www.europesays.com\/ee\/wp-json\/wp\/v2\/categories?post=264366"},{"taxonomy":"post_tag","embeddable":true,"href":"https:\/\/www.europesays.com\/ee\/wp-json\/wp\/v2\/tags?post=264366"}],"curies":[{"name":"wp","href":"https:\/\/api.w.org\/{rel}","templated":true}]}}