{"id":264372,"date":"2026-08-30T17:47:40","date_gmt":"2026-08-30T17:47:40","guid":{"rendered":"https:\/\/www.europesays.com\/ee\/264372\/"},"modified":"2026-08-30T17:47:40","modified_gmt":"2026-08-30T17:47:40","slug":"kik-maksab-metssigade-kuttimise-eest-toetust","status":"publish","type":"post","link":"https:\/\/www.europesays.com\/ee\/264372\/","title":{"rendered":"KIK maksab metssigade k\u00fcttimise eest toetust"},"content":{"rendered":"<p class=\"Paragraph SCXW153561138 BCX8\">2025. aastal t\u00f6\u00f6tas kliimaministeerium v\u00e4lja toetusmeetme, mille eesm\u00e4rk on v\u00e4hendada viiruse levikut metssigade hulgas, et ennetada selle j\u00f5udmist Eesti seakasvatusettev\u00f5tetesse. Selles on suur roll just jahimeestel, kes aitavad aktiivselt metssigu k\u00fcttides v\u00e4hendada haiguse levikut ja kaitsta Eesti seakasvatussektorit v\u00f5imalike kahjude eest.<\/p>\n<p>Toetust makstakse 29. maist 30. septembrini v\u00f5i kuni k\u00fcttimismahu t\u00e4itumiseni.<\/p>\n<p class=\"Paragraph SCXW153561138 BCX8\">Keskkonnainvesteeringute keskus (KIK) maksab ka edaspidi Aafrika seakatku leviku piiramiseks m\u00f5eldud metssigade k\u00fcttimise toetust.<\/p>\n<p class=\"Paragraph SCXW153561138 BCX8\">Toetust makstakse 29. maist 30. septembrini v\u00f5i kuni k\u00fcttimismahu t\u00e4itumiseni. \u00dche k\u00fctitud metssea eest makstav toetus j\u00e4\u00e4b vahemikku 35\u2013100 eurot. Toetuse suurus s\u00f5ltub nii k\u00fcttimise asukohast kui ka ajast. K\u00fcttimistoetuse saamise eeldus on, et p\u00e4rast uluki tabamist m\u00e4rgitakse infos\u00fcsteemi JAHIS t\u00e4pne looma tabamise asukoht.<\/p>\n<p class=\"Paragraph SCXW153561138 BCX8\">Praeguses voorus on toetust v\u00f5imalik saada k\u00f5igil Eesti jahipiirkondadel. Toetust saavad taotleda \u00fcksnes jahiseltsid. K\u00fcttimistoetuse taotlusvoor avaneb selle aasta s\u00fcgisel ja taotluse esitab KIKile <a rel=\"noopener nofollow\" target=\"_blank\" href=\"https:\/\/www.delfi.ee\/teema\/56499982\/eesti-jahimeeste-selts\" tag-id=\"56499982\">Eesti jahimeeste selts<\/a>. Toetused makstakse v\u00e4lja \u00fchekordse maksena p\u00e4rast meetme taotlusvooru l\u00f5ppemist.<\/p>\n<p>Kuidas see lugu Sind end tundma pani?Saada<a href=\"https:\/\/maaleht.delfi.ee\/artikkel\/120605142\/kik-maksab-metssigade-kuttimise-eest-toetust\/kommentaarid\" class=\"button button--primary button--size-auto article-body-bottom__comment article-body-bottom__comment--write\" style=\"\" rel=\"nofollow noopener\" target=\"_blank\">Kommenteeri<\/a><a href=\"https:\/\/maaleht.delfi.ee\/artikkel\/120605142\/kik-maksab-metssigade-kuttimise-eest-toetust\/kommentaarid\" class=\"button button--size-auto article-body-bottom__comment article-body-bottom__comment--read\" style=\"\" rel=\"nofollow noopener\" target=\"_blank\">Loe kommentaare (21)<\/a><\/p>\n","protected":false},"excerpt":{"rendered":"2025. aastal t\u00f6\u00f6tas kliimaministeerium v\u00e4lja toetusmeetme, mille eesm\u00e4rk on v\u00e4hendada viiruse levikut metssigade hulgas, et ennetada selle j\u00f5udmist&hellip;\n","protected":false},"author":2,"featured_media":264373,"comment_status":"","ping_status":"","sticky":false,"template":"","format":"standard","meta":{"footnotes":"","_share_on_mastodon":"0"},"categories":[12],"tags":[26,27,37,33,2830,35,34,36,31,32,21,2832,28,29,5777,19,25,1397,23,24,22,20,30],"class_list":["post-264372","post","type-post","status-publish","format-standard","has-post-thumbnail","category-eesti","tag-breaking-news","tag-breakingnews","tag-ee","tag-eesti","tag-eesti-jahimeeste-selts","tag-eesti-keel","tag-estonia","tag-estonian","tag-featured-news","tag-featurednews","tag-headlines","tag-jahindus","tag-latest-news","tag-latestnews","tag-metssiga","tag-news","tag-populaarseimad-lood","tag-sigade-aafrika-katk","tag-top-stories","tag-topstories","tag-uldised-uudised","tag-uudised","tag-viimased-uudised"],"share_on_mastodon":{"url":"https:\/\/pubeurope.com\/@ee\/117185717716303118","error":""},"_links":{"self":[{"href":"https:\/\/www.europesays.com\/ee\/wp-json\/wp\/v2\/posts\/264372","targetHints":{"allow":["GET"]}}],"collection":[{"href":"https:\/\/www.europesays.com\/ee\/wp-json\/wp\/v2\/posts"}],"about":[{"href":"https:\/\/www.europesays.com\/ee\/wp-json\/wp\/v2\/types\/post"}],"author":[{"embeddable":true,"href":"https:\/\/www.europesays.com\/ee\/wp-json\/wp\/v2\/users\/2"}],"replies":[{"embeddable":true,"href":"https:\/\/www.europesays.com\/ee\/wp-json\/wp\/v2\/comments?post=264372"}],"version-history":[{"count":0,"href":"https:\/\/www.europesays.com\/ee\/wp-json\/wp\/v2\/posts\/264372\/revisions"}],"wp:featuredmedia":[{"embeddable":true,"href":"https:\/\/www.europesays.com\/ee\/wp-json\/wp\/v2\/media\/264373"}],"wp:attachment":[{"href":"https:\/\/www.europesays.com\/ee\/wp-json\/wp\/v2\/media?parent=264372"}],"wp:term":[{"taxonomy":"category","embeddable":true,"href":"https:\/\/www.europesays.com\/ee\/wp-json\/wp\/v2\/categories?post=264372"},{"taxonomy":"post_tag","embeddable":true,"href":"https:\/\/www.europesays.com\/ee\/wp-json\/wp\/v2\/tags?post=264372"}],"curies":[{"name":"wp","href":"https:\/\/api.w.org\/{rel}","templated":true}]}}