{"id":264380,"date":"2026-08-30T18:06:12","date_gmt":"2026-08-30T18:06:12","guid":{"rendered":"https:\/\/www.europesays.com\/ee\/264380\/"},"modified":"2026-08-30T18:06:12","modified_gmt":"2026-08-30T18:06:12","slug":"luup-peale-paide-pink-mangis-kokkuklopsitud-flora-kaitseliini-ule-soccernet-ee","status":"publish","type":"post","link":"https:\/\/www.europesays.com\/ee\/264380\/","title":{"rendered":"Luup peale | Paide pink m\u00e4ngis kokkuklopsitud Flora kaitseliini \u00fcle &#8211; Soccernet.ee"},"content":{"rendered":"<p><img decoding=\"async\" src=\"https:\/\/www.europesays.com\/ee\/wp-content\/uploads\/2026\/08\/1788109870.jpeg\" alt=\"Paide v\u00e4raval\u00f6\u00f6jad Dawda Darboe ja Martin Miller. Foto: Liisi Troska \/ jalgpall.ee\"\/>&#13;\n<\/p>\n<p>Paide Linnameeskond teenis A. Le Coq Premium liiga 25. voorus 2:1 v\u00f5idu tiitlikaitsja Tallinna FC Flora \u00fcle. Paide kerkis v\u00f5idu j\u00e4rel Floraga v\u00f5rdsetele punktidele ja tabelis kolmandale reale.<\/p>\n<p>Paide oli kogu kohtumise jooksul r\u00fcnnakul aktiivsem pool ning tormihoiatus anti juba avaminutil, kui v\u00e4rava eest p\u00e4\u00e4ses vabalt l\u00f6\u00f6gile Daniel Luts, kuid Evert Gr\u00fcnvald suutis t\u00f5rjuda. Pooletunnise m\u00e4ngu j\u00e4rel sai vabalt Flora karistusalas l\u00f6\u00f6gile Henri Anier, kuid r\u00fcndaja l\u00f6\u00f6k l\u00e4ks \u00fcle v\u00e4rava.&#13;\n<\/p>\n<p>Teise poolaja alguses hiilgas paremal \u00e4\u00e4rel Flora vanameister Sergei Zenjov, kes m\u00e4ngis 47. minutil \u00fcle Pedro Andrade ja saatis palli karistusalasse, kust Sander Alamaa selle omakorda v\u00f5rku suunas\u00a0\u2013\u00a01:0 Florale!&#13;\n<\/p>\n<p>Seej\u00e4rel kuulusid paremad v\u00f5imalused Paidele, kuid veel viis minutit enne 90 minuti t\u00e4itumist olid rohes\u00e4rgid kinni eduseisus. Seej\u00e4rel p\u00f6\u00f6ras Paide m\u00e4ngu kiiresti pea peale ja k\u00f5igepealt suunas Premium liiga deb\u00fc\u00fcdi teinud Dawada Darboe peaga v\u00f5rku Modou Sohna nurgal\u00f6\u00f6gi\u00a0\u2013\u00a01:1!&#13;\n<\/p>\n<p>Paide j\u00e4tkas kiirelt v\u00f5iduv\u00e4rava otsimist ning 90. minutil oli t\u00e4pne Martin Miller, kes realiseeris Sohna ja Siim Lutsu eelt\u00f6\u00f6\u00a0\u2013\u00a01:2 ning Paide lahkub A. Le Coq Arenalt kolme punktiga!&#13;\n<\/p>\n<p>Soccernet.ee t\u00e4helepanekud:&#13;\n<\/p>\n<p>1. Alavormis tippklubide heitlus&#13;\n<\/p>\n<p>Eelmisel aastal tiitli v\u00f5itnud Florat on viimasel ajal ikka v\u00e4ga keeruline \u00e4ra tunda. Alates augusti algusest on peetud k\u00f5igi sarjade peale 12 m\u00e4ngu ning v\u00f5idetud kolm. Noort tiimi on tabanud hulk vigastusi ja m\u00e4ngukeelde, lisaks vahetati v\u00e4lja peatreener ning parim r\u00fcndaja kolis K\u00fcprosele. Tabelis ollakse neljandad. Ilmselgelt on tegemist kriisiga, sest praegu ei paista tulemuste poolest miski minevat Florale meeldivas suunas.<\/p>\n<p>Vaid tiimide nimesid vaadates oleks t\u00e4na oodanud t\u00f5elist tipptasemel mat\u0161i, kuid ka Paide hoogu ei saa koduliigas kiita. Kolmap\u00e4eval teenisid nad 1:4 kaotuse Levadialt, mitte kuigi ammu viigistati tabeli viimase ehk Narvaga. Kuna vormik\u00f5ver on m\u00f5lemal tiimil kehvapoolne, siis saigi publik ikkagi v\u00f5rdse m\u00e4ngu ja samas ka omamoodi kinnituse, miks kumbki pole olnud valmis tiitli poole liikuvale Levadiale t\u00f5eliselt hambaid n\u00e4itama.&#13;\n<\/p>\n<p>2. Kummaline Flora kaitseliin&#13;\n<\/p>\n<p>Flora alustas kaitseliiniga, mille moodustasid Danil Kuraksin (vasakult), Robert Veering, Oscar Pihela ja Ron Neltsas. M\u00e4ngu l\u00f5puks olid reas Kuraksin, Veering, Ronald Sammul ja Tristan Toomas Teev\u00e4li. Vahet pole, mis nurga alt seda olukorda vaadata, siis tiitlikaitsja on h\u00e4das.&#13;\n<\/p>\n<p>\u00c4sja Elvast pealinna kolinud Neltsas tegi Flora eest t\u00e4na deb\u00fc\u00fcdi ning pandi avaminutist alates meeletu surve alla. Paistis, et Momodou Jobarteh oligi platsile saadetud ainult \u00fche eesm\u00e4rgiga &#8211; suruda Neltsast nii k\u00f5vasti, kui v\u00e4hegi suudab. Kuigi 17aastane deb\u00fctant joosti mitmeid kordi \u00fcle, siis tema v\u00e4ljakul oldud aja jooksul p\u00fcsis puur puhtana.<\/p>\n<p>Tegelikult oli hea n\u00e4ha, et sel aastal U17 EM-finaalturniirl v\u00e4rava l\u00f6\u00f6nud Neltsasele anti aega, et m\u00e4ngu sisse saada. 42. minutil tegi ta kahev\u00f5itluses esmakordselt Jobartehile korralikult \u00e4ra ning enesekindlus kasvas. L\u00f5puks ei pidanud noormehe jalad enam vastu ning 64. minutil toimuski vangerdus, mis viis keskv\u00e4ljamehe Teev\u00e4lja paremale kaitsesse ning 17aastase Sammuli keskkaitsesse. K\u00f5ike arvesse v\u00f5ttes oli Flora noor kaitseliin v\u00e4ga l\u00e4hedal v\u00e4gevale nullim\u00e4ngule, kuid samas saab \u00f6elda, et ka kaotus oli m\u00e4ngupildi alusel teenitud. Pidevalt oli tunda, et \u00fchel hetkel Paide selle palli v\u00f5rku surub.&#13;\n<\/p>\n<p>Flora puudujate nimekiri saab peagi leevendust, sest m\u00e4ngukeelu alt naasevad Airon Kollo, Mihhail Kolobov ja Sander Tovstik.&#13;\n<\/p>\n<p>3. Segadus v\u00f5imaliku penaltiga&#13;\n<\/p>\n<p>80. minutil tekitas omajagu segadust olukord, kus Flora karistusalas v\u00f5itlesid Remo Valdmets ja Victor Hugo. Viimane neist kukkus ning esialgu tundus, et Valdmets tegi vea. See jutt j\u00e4i k\u00f5lama ka ETV2 kommentaatorite poolt ning avaldati imestust, miks videokhtunik ei sekkunud. Rahulikumalt kordust vaadates on siiski n\u00e4ha, et Valdmets m\u00e4ngis \u00f5rnalt palli. Paistab, et kohtunike jaoks oli see puude piisav, et karistusl\u00f6\u00f6ki mitte m\u00e4\u00e4rata.<\/p>\n<p>4. M\u00e4ngu parim\u00a0\u2013\u00a0Paide pink&#13;\n<\/p>\n<p>Paide tegi viis vahetust ning k\u00f5ik platsile sekkunud mehed j\u00e4tsid endast maha korraliku j\u00e4lje. Sohna sai kirja v\u00e4ravas\u00f6\u00f6du ja hokis\u00f6\u00f6du. Darboe l\u00f5i esimese v\u00e4rava, Miller teise. Siim Luts tegi eelt\u00f6\u00f6 Milleri tabamusele (kas see ka v\u00e4ravas\u00f6\u00f6duna kirja l\u00e4heb, selgub peagi). Abdourahman Badamosi omakorda l\u00f5i hulga ohtlikke olukordi ning oli pidevalt n\u00e4htav. K\u00f5ik viis meest t\u00f5id v\u00e4ljakule just seda, mida m\u00e4ngumuutjatelt oodatakse. Nad t\u00f5id Paidele kolm punkti.&#13;\n<\/p>\n<p>5. Zotovi teine vaatus&#13;\n<\/p>\n<p>Lihtsalt v\u00f5rdluseks: tiitlikaitsja saatis omalt poolt m\u00e4ngu muutma \u00e4\u00e4rekaitsesse sekkunud Teev\u00e4lja, Taaniel Usta, 17aastase Sammuli ja 14aastase Denis Zotovi.<\/p>\n<p>Viimane neist tekitas p\u00e4rast Premium liiga deb\u00fc\u00fcti hulga k\u00f5neainet ning paljud j\u00e4lgisid huviga, mida suudab noormees t\u00e4na. Tema oligi seekord ainus, kes lisas pingilt Flora m\u00e4ngu midagi uut ja v\u00e4rsket. Kahel korral oli Zotov l\u00e4hedal v\u00e4ravas\u00f6\u00f6dule, kuid esimesel juhul ei saanud Usta pallile pihta ning teisel puhul lendas Remo Valdmetsa l\u00f6\u00f6k posti.&#13;<\/p>\n","protected":false},"excerpt":{"rendered":"&#13; Paide Linnameeskond teenis A. Le Coq Premium liiga 25. voorus 2:1 v\u00f5idu tiitlikaitsja Tallinna FC Flora \u00fcle.&hellip;\n","protected":false},"author":2,"featured_media":264381,"comment_status":"","ping_status":"","sticky":false,"template":"","format":"standard","meta":{"footnotes":"","_share_on_mastodon":"0"},"categories":[18],"tags":[5703,100465,100466,37,33,35,34,36,161,163,4727,837,4730,907,501,167,42710,159,158],"class_list":["post-264380","post","type-post","status-publish","format-standard","has-post-thumbnail","category-sport","tag-alamaa","tag-darboe","tag-dawda-darboe","tag-ee","tag-eesti","tag-eesti-keel","tag-estonia","tag-estonian","tag-fc-flora","tag-flora","tag-martin-miller","tag-meistriliiga","tag-miller","tag-paide","tag-paide-linnameeskond","tag-premium-liiga","tag-sander-alamaa","tag-sport","tag-sports"],"share_on_mastodon":{"url":"https:\/\/pubeurope.com\/@ee\/117185792587383992","error":""},"_links":{"self":[{"href":"https:\/\/www.europesays.com\/ee\/wp-json\/wp\/v2\/posts\/264380","targetHints":{"allow":["GET"]}}],"collection":[{"href":"https:\/\/www.europesays.com\/ee\/wp-json\/wp\/v2\/posts"}],"about":[{"href":"https:\/\/www.europesays.com\/ee\/wp-json\/wp\/v2\/types\/post"}],"author":[{"embeddable":true,"href":"https:\/\/www.europesays.com\/ee\/wp-json\/wp\/v2\/users\/2"}],"replies":[{"embeddable":true,"href":"https:\/\/www.europesays.com\/ee\/wp-json\/wp\/v2\/comments?post=264380"}],"version-history":[{"count":0,"href":"https:\/\/www.europesays.com\/ee\/wp-json\/wp\/v2\/posts\/264380\/revisions"}],"wp:featuredmedia":[{"embeddable":true,"href":"https:\/\/www.europesays.com\/ee\/wp-json\/wp\/v2\/media\/264381"}],"wp:attachment":[{"href":"https:\/\/www.europesays.com\/ee\/wp-json\/wp\/v2\/media?parent=264380"}],"wp:term":[{"taxonomy":"category","embeddable":true,"href":"https:\/\/www.europesays.com\/ee\/wp-json\/wp\/v2\/categories?post=264380"},{"taxonomy":"post_tag","embeddable":true,"href":"https:\/\/www.europesays.com\/ee\/wp-json\/wp\/v2\/tags?post=264380"}],"curies":[{"name":"wp","href":"https:\/\/api.w.org\/{rel}","templated":true}]}}