{"id":264384,"date":"2026-08-30T18:10:10","date_gmt":"2026-08-30T18:10:10","guid":{"rendered":"https:\/\/www.europesays.com\/ee\/264384\/"},"modified":"2026-08-30T18:10:10","modified_gmt":"2026-08-30T18:10:10","slug":"esmaspaeval-voib-tulla-hoovihma-ilm","status":"publish","type":"post","link":"https:\/\/www.europesays.com\/ee\/264384\/","title":{"rendered":"Esmasp\u00e4eval v\u00f5ib tulla hoovihma | ilm"},"content":{"rendered":"<p>Esmasp\u00e4eval laieneb Skandinaavia sajune ja mitme keskmega madalr\u00f5huala servaga Venemaale. Uus kese, mis \u00f6\u00f6sel Stockholmi l\u00e4histel tekib, kannab Eesti kohale taas tihedamaid sajupilvi, mis liiguvad p\u00e4eval Soome kohale.<\/p>\n<p>Tuul muutub tugevamaks, merel puhanguliseks, kuid juba \u00f5htul annab uuesti j\u00e4rele. Teisip\u00e4eval katab L\u00e4\u00e4nemere \u00fcmbrust madalr\u00f5huala l\u00f5unaserv. \u00d6\u00f6 toob kohatisi sajuhooge ja udu ning p\u00e4eval liigub merelt Baltimaade kohale madalr\u00f5hulohk, mis toob taas mitmele poole hoovihma. Tuul on n\u00f5rk ja \u00f5humass soe.<\/p>\n<p>\u00d6\u00f6 tuleb pilves selgimistega. Mitmel pool sajab vihma ja on \u00e4ikeseoht. Puhub l\u00f5unakaare tuul kolm kuni \u00fcheksa, saartel ja l\u00e4\u00e4nerannikul l\u00f5una- ja edelatuul puhanguti 15 m\/s ning sooja on 13 kuni 18 kraadi.<\/p>\n<p>Ka hommik on pilves selgimistega ja sajuhooge on endiselt mitmel pool. Tuul puhub valdavalt l\u00f5unast ja edelast kolm kuni \u00fcheksa, puhanguti kuni 15 m\/s ning sooja on 14 kuni 18 kraadi.<\/p>\n<p>P\u00e4ev on muutliku pilvisusega ja mitmel pool sajab hoovihma. Ida-Eestis p\u00fcsib ka \u00e4ikeseoht. Puhub edela- ja l\u00f5unatuul neli kuni \u00fcheksa, puhanguti kuni 15 m\/s ja sooja on 17 kuni 23 kraadi.<\/p>\n<p>\u00d5htu on v\u00e4hese ja vahelduva pilvisusega ja sajab veel vaid \u00fcksikutes kohtades. Puhub m\u00f5\u00f5dukas edelatuul ja sooja on kuni 18 kraadi.<\/p>\n<p>Teisip\u00e4eval, 1. septembril on kooliminejatel m\u00f5istlik vihmajoped ja -varjud kaasa haarata, sest ilmaprognoos lubab p\u00e4evaks mitmele poole vihmasadusid. Samuti on \u00e4ikesev\u00f5imalus. Tuul puhub m\u00f5\u00f5dukalt ning \u00f6\u00f6sel on sooja 11 kuni 17, p\u00e4eval 17 kuni 22 kraadi.<\/p>\n<p>Ka kolmap\u00e4ev ja neljap\u00e4ev toovad mitmele poole vihmahooge, aga reede peaks tulema veidi kuivem. Kuigi \u00f6ine \u00f5hutemperatuur pisut langeb, on p\u00e4eval siiski veel \u00fcpris soe, kuni 20 kraadi.<\/p>\n","protected":false},"excerpt":{"rendered":"Esmasp\u00e4eval laieneb Skandinaavia sajune ja mitme keskmega madalr\u00f5huala servaga Venemaale. Uus kese, mis \u00f6\u00f6sel Stockholmi l\u00e4histel tekib, kannab&hellip;\n","protected":false},"author":2,"featured_media":264385,"comment_status":"","ping_status":"","sticky":false,"template":"","format":"standard","meta":{"footnotes":"","_share_on_mastodon":"0"},"categories":[5],"tags":[26,27,37,33,35,34,36,31,32,21,668,28,29,19,25,23,24,22,20,30],"class_list":["post-264384","post","type-post","status-publish","format-standard","has-post-thumbnail","category-uldised-uudised","tag-breaking-news","tag-breakingnews","tag-ee","tag-eesti","tag-eesti-keel","tag-estonia","tag-estonian","tag-featured-news","tag-featurednews","tag-headlines","tag-ilm","tag-latest-news","tag-latestnews","tag-news","tag-populaarseimad-lood","tag-top-stories","tag-topstories","tag-uldised-uudised","tag-uudised","tag-viimased-uudised"],"share_on_mastodon":{"url":"https:\/\/pubeurope.com\/@ee\/117185807898894485","error":""},"_links":{"self":[{"href":"https:\/\/www.europesays.com\/ee\/wp-json\/wp\/v2\/posts\/264384","targetHints":{"allow":["GET"]}}],"collection":[{"href":"https:\/\/www.europesays.com\/ee\/wp-json\/wp\/v2\/posts"}],"about":[{"href":"https:\/\/www.europesays.com\/ee\/wp-json\/wp\/v2\/types\/post"}],"author":[{"embeddable":true,"href":"https:\/\/www.europesays.com\/ee\/wp-json\/wp\/v2\/users\/2"}],"replies":[{"embeddable":true,"href":"https:\/\/www.europesays.com\/ee\/wp-json\/wp\/v2\/comments?post=264384"}],"version-history":[{"count":0,"href":"https:\/\/www.europesays.com\/ee\/wp-json\/wp\/v2\/posts\/264384\/revisions"}],"wp:featuredmedia":[{"embeddable":true,"href":"https:\/\/www.europesays.com\/ee\/wp-json\/wp\/v2\/media\/264385"}],"wp:attachment":[{"href":"https:\/\/www.europesays.com\/ee\/wp-json\/wp\/v2\/media?parent=264384"}],"wp:term":[{"taxonomy":"category","embeddable":true,"href":"https:\/\/www.europesays.com\/ee\/wp-json\/wp\/v2\/categories?post=264384"},{"taxonomy":"post_tag","embeddable":true,"href":"https:\/\/www.europesays.com\/ee\/wp-json\/wp\/v2\/tags?post=264384"}],"curies":[{"name":"wp","href":"https:\/\/api.w.org\/{rel}","templated":true}]}}