{"id":264386,"date":"2026-08-30T18:17:12","date_gmt":"2026-08-30T18:17:12","guid":{"rendered":"https:\/\/www.europesays.com\/ee\/264386\/"},"modified":"2026-08-30T18:17:12","modified_gmt":"2026-08-30T18:17:12","slug":"mool-mang-ei-olnud-halb-meie-poolt-aga-jalgpall-on-vaga-karm-soccernet-ee","status":"publish","type":"post","link":"https:\/\/www.europesays.com\/ee\/264386\/","title":{"rendered":"M\u00f6\u00f6l: m\u00e4ng ei olnud halb meie poolt, aga jalgpall on v\u00e4ga karm &#8211; Soccernet.ee"},"content":{"rendered":"<p><a href=\"https:\/\/soccernet.ee\/fotod\/pl-tallinna-fc-flora-fc-kuressaare10\" rel=\"nofollow noopener\" target=\"_blank\"><img decoding=\"async\" src=\"https:\/\/www.europesays.com\/ee\/wp-content\/uploads\/2026\/08\/1786917816.jpg\" alt=\"Karl M\u00f6\u00f6l. Foto: Anna Andreas\"\/><\/a>&#13;\n<\/p>\n<p>FC Flora peatreener Karl M\u00f6\u00f6l r\u00e4\u00e4kis p\u00e4rast Paide Linnameeskonnalt saadud 1:2 kaotust, et nad oleksid parema \u00f5nne korral lahkunud v\u00e4ljakult v\u00f5idu v\u00f5i viigi, mitte kaotusega.<\/p>\n<p>&#8220;Ma toon v\u00e4lja m\u00e4ngijate pingutuse ja tahtmise v\u00e4ljakul olla, nii kaitses kui r\u00fcnnakul, duellides ja tagasi jooksudel. Nad n\u00e4itasid v\u00e4ga k\u00f5rgel tasemel suhtumist ja pingutust kogu m\u00e4ngu v\u00e4ltel. Ma saan aru, et momentide m\u00f5ttes oli vahepeal \u00f5hus, kas Paide v\u00f5ib 1:0 ette minna v\u00f5i l\u00fc\u00fca 1:1 meile, aga meie kaitsjad, poolikud ja v\u00e4ravavahid tegid head t\u00f6\u00f6d. Me suutsime need v\u00e4ravad \u00e4ra hoida ja siis tekkis momentum, kus meil oli v\u00f5imalus 2:0 juhtima minna ja 1:1 peal oli posti tabamus. Paar v\u00e4ikest \u00f5nnestumist oleks natuke rohkem olnud ja see m\u00e4ng oleks v\u00f5ib-olla teistpidi olnud. Jalgpall on v\u00e4ga karm selles m\u00f5ttes,&#8221; s\u00f5nas M\u00f6\u00f6l.&#13;\n<\/p>\n<p>&#8220;Ma arvan, et sellest m\u00e4ngust on v\u00e4ga palju kaasa v\u00f5tta. Uskusime l\u00f5puni ega andnud alla. Palliga m\u00e4ngus kogu aeg ei saa \u00f5nnestuda, aga k\u00fcllaltki julgelt m\u00e4ngisime Paide pressi vastu. Selles m\u00f5ttes arvan, et sellest m\u00e4ngust on palju head kaasa v\u00f5tta. Mul on \u00fclikahju, et tulemus ei toeta minu juttu. Ma loodan, et m\u00e4ngijad saavad sellest aru. Meel on m\u00f5ru, aga peame edasi t\u00f6\u00f6tama ja edasi minema. M\u00e4ng ei olnud halb meie poolt,&#8221; lisas M\u00f6\u00f6l.&#13;\n<\/p>\n<p>Flora eest deb\u00fcteeris Premium liigas 17-aastane kaitsja Ron Neltsas, kes m\u00e4ngis suure osa ajast Paide \u00e4\u00e4rer\u00fcndaja Momodou Jobartehi vastu. &#8220;Me viskasime ta natuke vette, aga kui me m\u00e4ngija peale paneme, siis usume sada protsenti, et ta saab hakkama. Kuidas iganes tal l\u00e4heb, toetame teda l\u00f5puni m\u00e4ngus,&#8221; lausus M\u00f6\u00f6l.<\/p>\n<p>Ta lisas: &#8220;Jah, mingites momentides m\u00e4ngiti temast m\u00f6\u00f6da, aga tal oli vastas ka p\u00e4ris hea \u00e4\u00e4rem\u00e4ngija. Aga samas ta mingites momentides suutis ta ka neutraliseerida &#8211; ei olnud ainult nii, et kogu aeg sealt tuleb l\u00e4bi. Ta sai h\u00e4sti hakkama ja kui vaja, siis teised m\u00e4ngijad tulid julgestusse. L\u00f5puks tema pealt mingeid konkreetseid sajaprotsendilisi v\u00f5imalusi ei tulnud. Ta v\u00f5ib endaga rahule j\u00e4\u00e4da esimese m\u00e4ngu kohta. Saame talle tagasisidet anda, kuidas j\u00e4rgmistes m\u00e4ngudes targemalt palliga tegutseda ja kaitses heade m\u00e4ngijate vastu kaitsta.&#8221;&#13;\n<\/p>\n<p>Florat ei saanud m\u00e4ngukeelu t\u00f5ttu aidata kaitsjad Mihhail Kolobov, Sander Tovstik ja Airon Kollo. Kui esimesed kaks on j\u00e4rgmiseks m\u00e4nguks tagasi, siis Kollo kohal ripub k\u00fcsim\u00e4rk, sest teda on kimbutanud trauma. Lisaks on Flora laatsaretis palju m\u00e4ngijaid ja kohtumisest Paidega j\u00e4i eemale ka Tony Varjund.&#13;\n<\/p>\n<p>&#8220;Ta on m\u00e4nginud suhteliselt piiri peal juba mitu m\u00e4ngu. Kui ta peab v\u00f5tma v\u00e4ga palju valuvaigisteid sisse, siis minu otsus oli, et see ei ole praegu seda v\u00e4\u00e4rt, et j\u00e4rgmised kaks-kolm kuud on ta v\u00e4ljas ja v\u00f5ib-olla s\u00f5ltub sellest mingil m\u00e4\u00e4ral ka tema karj\u00e4\u00e4r. Teda oleks v\u00e4ga vaja olnud, aga v\u00e4ga objektiivsel p\u00f5hjusel j\u00e4i k\u00f5rvale. Olid teised m\u00e4ngijad, kes t\u00e4itsid p\u00e4ris korralikult tema rolli,&#8221; kommenteeris M\u00f6\u00f6l Varjundi olukorda.<\/p>\n","protected":false},"excerpt":{"rendered":"&#13; FC Flora peatreener Karl M\u00f6\u00f6l r\u00e4\u00e4kis p\u00e4rast Paide Linnameeskonnalt saadud 1:2 kaotust, et nad oleksid parema \u00f5nne&hellip;\n","protected":false},"author":2,"featured_media":264387,"comment_status":"","ping_status":"","sticky":false,"template":"","format":"standard","meta":{"footnotes":"","_share_on_mastodon":"0"},"categories":[18],"tags":[37,33,35,34,36,161,163,16832,837,16833,907,501,167,159,158],"class_list":["post-264386","post","type-post","status-publish","format-standard","has-post-thumbnail","category-sport","tag-ee","tag-eesti","tag-eesti-keel","tag-estonia","tag-estonian","tag-fc-flora","tag-flora","tag-karl-mool","tag-meistriliiga","tag-mool","tag-paide","tag-paide-linnameeskond","tag-premium-liiga","tag-sport","tag-sports"],"share_on_mastodon":{"url":"https:\/\/pubeurope.com\/@ee\/117185835704747710","error":""},"_links":{"self":[{"href":"https:\/\/www.europesays.com\/ee\/wp-json\/wp\/v2\/posts\/264386","targetHints":{"allow":["GET"]}}],"collection":[{"href":"https:\/\/www.europesays.com\/ee\/wp-json\/wp\/v2\/posts"}],"about":[{"href":"https:\/\/www.europesays.com\/ee\/wp-json\/wp\/v2\/types\/post"}],"author":[{"embeddable":true,"href":"https:\/\/www.europesays.com\/ee\/wp-json\/wp\/v2\/users\/2"}],"replies":[{"embeddable":true,"href":"https:\/\/www.europesays.com\/ee\/wp-json\/wp\/v2\/comments?post=264386"}],"version-history":[{"count":0,"href":"https:\/\/www.europesays.com\/ee\/wp-json\/wp\/v2\/posts\/264386\/revisions"}],"wp:featuredmedia":[{"embeddable":true,"href":"https:\/\/www.europesays.com\/ee\/wp-json\/wp\/v2\/media\/264387"}],"wp:attachment":[{"href":"https:\/\/www.europesays.com\/ee\/wp-json\/wp\/v2\/media?parent=264386"}],"wp:term":[{"taxonomy":"category","embeddable":true,"href":"https:\/\/www.europesays.com\/ee\/wp-json\/wp\/v2\/categories?post=264386"},{"taxonomy":"post_tag","embeddable":true,"href":"https:\/\/www.europesays.com\/ee\/wp-json\/wp\/v2\/tags?post=264386"}],"curies":[{"name":"wp","href":"https:\/\/api.w.org\/{rel}","templated":true}]}}