{"id":264394,"date":"2026-08-30T18:39:15","date_gmt":"2026-08-30T18:39:15","guid":{"rendered":"https:\/\/www.europesays.com\/ee\/264394\/"},"modified":"2026-08-30T18:39:15","modified_gmt":"2026-08-30T18:39:15","slug":"kait-kall-firmapidudel-saab-eesti-inimesega-kontakti-luua","status":"publish","type":"post","link":"https:\/\/www.europesays.com\/ee\/264394\/","title":{"rendered":"Kait Kall: firmapidudel saab Eesti inimesega kontakti luua"},"content":{"rendered":"<p>Kall on p\u00fcstijalakom\u00f6\u00f6diat teinud seitse-kaheksa aastat, olles sageli \u00fcksinda laval. \u201eMulle v\u00e4ga meeldib improviseerida, kui n\u00e4iteks publikust midagi tuleb. Tegutsen ka \u00f5htujuhina ja mulle meeldib panna organisatsioonide juhte erinevatesse olukordadesse, et neid natuke \u00fcllatada.\u201c<\/p>\n<p>Oktoobris tuleb Kall v\u00e4lja uue kavaga.<\/p>\n<p>\u201eEesti inimene on \u00fcsna halb naljaga kaasatulija. Tunnen end nagu m\u00fc\u00fcgimees poes, kellest k\u00f5ik tahavad m\u00f6\u00f6da minna. P\u00fcstijalakom\u00f6\u00f6dia publik ei taha eriti r\u00e4\u00e4kida, sa oled nagu kurttummade festivalil. Kui midagi k\u00fcsid, keegi ei vasta. Eesti inimene v\u00e4ldib t\u00e4helepanu, t\u00f5mbab lukku, kui tema poole p\u00f6\u00f6rdud. Tal on kohe piinlik ja h\u00e4bi, \u00fcliraske on saada inimest r\u00e4\u00e4kima. See on k\u00f5ige raskem koht,\u201c t\u00f5i Kall v\u00e4lja. \u201eFirmapeod on sellised, kus karastub teras, seal saab Eesti inimesega kontakti luua.\u201c<\/p>\n<p>Kuidas see lugu Sind end tundma pani?Saada<a href=\"https:\/\/kroonika.delfi.ee\/artikkel\/120607112\/kait-kall-firmapidudel-saab-eesti-inimesega-kontakti-luua\/kommentaarid\" class=\"button button--primary button--size-auto article-body-bottom__comment article-body-bottom__comment--write\" style=\"\" rel=\"nofollow noopener\" target=\"_blank\">Kommenteeri<\/a><a href=\"https:\/\/kroonika.delfi.ee\/artikkel\/120607112\/kait-kall-firmapidudel-saab-eesti-inimesega-kontakti-luua\/kommentaarid\" class=\"button button--size-auto article-body-bottom__comment article-body-bottom__comment--read\" style=\"\" rel=\"nofollow noopener\" target=\"_blank\">Loe kommentaare (6)<\/a><\/p>\n","protected":false},"excerpt":{"rendered":"Kall on p\u00fcstijalakom\u00f6\u00f6diat teinud seitse-kaheksa aastat, olles sageli \u00fcksinda laval. \u201eMulle v\u00e4ga meeldib improviseerida, kui n\u00e4iteks publikust midagi&hellip;\n","protected":false},"author":2,"featured_media":264395,"comment_status":"","ping_status":"","sticky":false,"template":"","format":"standard","meta":{"footnotes":"","_share_on_mastodon":"0"},"categories":[16],"tags":[37,33,35,173,34,36,47223,140],"class_list":["post-264394","post","type-post","status-publish","format-standard","has-post-thumbnail","category-meelelahutus","tag-ee","tag-eesti","tag-eesti-keel","tag-entertainment","tag-estonia","tag-estonian","tag-kait-kall","tag-meelelahutus"],"share_on_mastodon":{"url":"https:\/\/pubeurope.com\/@ee\/117185922032753919","error":""},"_links":{"self":[{"href":"https:\/\/www.europesays.com\/ee\/wp-json\/wp\/v2\/posts\/264394","targetHints":{"allow":["GET"]}}],"collection":[{"href":"https:\/\/www.europesays.com\/ee\/wp-json\/wp\/v2\/posts"}],"about":[{"href":"https:\/\/www.europesays.com\/ee\/wp-json\/wp\/v2\/types\/post"}],"author":[{"embeddable":true,"href":"https:\/\/www.europesays.com\/ee\/wp-json\/wp\/v2\/users\/2"}],"replies":[{"embeddable":true,"href":"https:\/\/www.europesays.com\/ee\/wp-json\/wp\/v2\/comments?post=264394"}],"version-history":[{"count":0,"href":"https:\/\/www.europesays.com\/ee\/wp-json\/wp\/v2\/posts\/264394\/revisions"}],"wp:featuredmedia":[{"embeddable":true,"href":"https:\/\/www.europesays.com\/ee\/wp-json\/wp\/v2\/media\/264395"}],"wp:attachment":[{"href":"https:\/\/www.europesays.com\/ee\/wp-json\/wp\/v2\/media?parent=264394"}],"wp:term":[{"taxonomy":"category","embeddable":true,"href":"https:\/\/www.europesays.com\/ee\/wp-json\/wp\/v2\/categories?post=264394"},{"taxonomy":"post_tag","embeddable":true,"href":"https:\/\/www.europesays.com\/ee\/wp-json\/wp\/v2\/tags?post=264394"}],"curies":[{"name":"wp","href":"https:\/\/api.w.org\/{rel}","templated":true}]}}