{"id":264402,"date":"2026-08-30T19:05:12","date_gmt":"2026-08-30T19:05:12","guid":{"rendered":"https:\/\/www.europesays.com\/ee\/264402\/"},"modified":"2026-08-30T19:05:12","modified_gmt":"2026-08-30T19:05:12","slug":"foto-politsei-otsib-vorumaal-kadunud-16-aastast-rudolfit","status":"publish","type":"post","link":"https:\/\/www.europesays.com\/ee\/264402\/","title":{"rendered":"FOTO | Politsei otsib V\u00f5rumaal kadunud 16-aastast Rudolfit"},"content":{"rendered":"<p>Rudolf lahkus eile \u00f5htul s\u00f5bra juurest ning pidi naasma koju, kuid tema asukoht on seni teadmata. Telefon on tal v\u00e4lja l\u00fclitatud. Politsei on kontrollinud \u00fcmbruskonda ja v\u00f5imalikke viibimiskohti, kuid seni tulutult.<\/p>\n<p>Rudolf on pikka kasvu, k\u00f5hna kehaehitusega ja tal on tumedat v\u00e4rvi l\u00fchikesed juuksed. Seljas kannab musta v\u00e4rvi pluusi ning jalas on tal musta-valge ruudulised pikad p\u00fcksid ja botaseid meenutavad saapad.<\/p>\n<p>Politsei palub k\u00f5igil, kes on Rudolfit n\u00e4inud v\u00f5i kel on infot tema v\u00f5imaliku asukoha kohta, anda sellest teada h\u00e4daabinumbril 112.<\/p>\n<p>Kuidas see lugu Sind end tundma pani?Saada<\/p>\n","protected":false},"excerpt":{"rendered":"Rudolf lahkus eile \u00f5htul s\u00f5bra juurest ning pidi naasma koju, kuid tema asukoht on seni teadmata. Telefon on&hellip;\n","protected":false},"author":2,"featured_media":264403,"comment_status":"","ping_status":"","sticky":false,"template":"","format":"standard","meta":{"footnotes":"","_share_on_mastodon":"0"},"categories":[12],"tags":[687,679,667,26,27,673,688,663,662,37,33,35,684,683,692,34,36,31,32,208,148,21,206,668,669,381,686,677,694,691,339,680,28,29,671,672,377,690,144,678,665,19,693,676,666,25,322,664,150,695,685,159,394,682,674,675,23,24,689,222,22,20,670,681,149,30],"class_list":["post-264402","post","type-post","status-publish","format-standard","has-post-thumbnail","category-eesti","tag-ajaviide","tag-autoleht","tag-blog","tag-breaking-news","tag-breakingnews","tag-cv","tag-date","tag-defli","tag-delfi","tag-ee","tag-eesti","tag-eesti-keel","tag-ekaart","tag-email","tag-erootika","tag-estonia","tag-estonian","tag-featured-news","tag-featurednews","tag-film","tag-foto","tag-headlines","tag-horoskoop","tag-ilm","tag-ilmaennustus","tag-internet","tag-kaart","tag-kava","tag-kindlustus","tag-kinnisvara","tag-kuulutused","tag-lasteleht","tag-latest-news","tag-latestnews","tag-loto","tag-majandus","tag-mangud","tag-mobiil","tag-muusika","tag-naisteleht","tag-naljad","tag-news","tag-otsing","tag-pank","tag-pilt","tag-populaarseimad-lood","tag-raadio","tag-reklaam","tag-seks","tag-sms","tag-solo","tag-sport","tag-tarkvara","tag-tasuta","tag-too","tag-toopakkumised","tag-top-stories","tag-topstories","tag-tutvus","tag-tv","tag-uldised-uudised","tag-uudised","tag-valimised","tag-valuuta","tag-video","tag-viimased-uudised"],"share_on_mastodon":{"url":"","error":"Validation failed: Text character limit of 500 exceeded"},"_links":{"self":[{"href":"https:\/\/www.europesays.com\/ee\/wp-json\/wp\/v2\/posts\/264402","targetHints":{"allow":["GET"]}}],"collection":[{"href":"https:\/\/www.europesays.com\/ee\/wp-json\/wp\/v2\/posts"}],"about":[{"href":"https:\/\/www.europesays.com\/ee\/wp-json\/wp\/v2\/types\/post"}],"author":[{"embeddable":true,"href":"https:\/\/www.europesays.com\/ee\/wp-json\/wp\/v2\/users\/2"}],"replies":[{"embeddable":true,"href":"https:\/\/www.europesays.com\/ee\/wp-json\/wp\/v2\/comments?post=264402"}],"version-history":[{"count":0,"href":"https:\/\/www.europesays.com\/ee\/wp-json\/wp\/v2\/posts\/264402\/revisions"}],"wp:featuredmedia":[{"embeddable":true,"href":"https:\/\/www.europesays.com\/ee\/wp-json\/wp\/v2\/media\/264403"}],"wp:attachment":[{"href":"https:\/\/www.europesays.com\/ee\/wp-json\/wp\/v2\/media?parent=264402"}],"wp:term":[{"taxonomy":"category","embeddable":true,"href":"https:\/\/www.europesays.com\/ee\/wp-json\/wp\/v2\/categories?post=264402"},{"taxonomy":"post_tag","embeddable":true,"href":"https:\/\/www.europesays.com\/ee\/wp-json\/wp\/v2\/tags?post=264402"}],"curies":[{"name":"wp","href":"https:\/\/api.w.org\/{rel}","templated":true}]}}