{"id":264406,"date":"2026-08-30T19:13:17","date_gmt":"2026-08-30T19:13:17","guid":{"rendered":"https:\/\/www.europesays.com\/ee\/264406\/"},"modified":"2026-08-30T19:13:17","modified_gmt":"2026-08-30T19:13:17","slug":"kaljust-premier-leaguei-tehtud-promise-david-tegi-brightoni-eest-debuudi-united-sai-pussi-paukuma-soccernet-ee","status":"publish","type":"post","link":"https:\/\/www.europesays.com\/ee\/264406\/","title":{"rendered":"Kaljust Premier League&#8217;i \u2013 tehtud! Promise David tegi Brightoni eest deb\u00fc\u00fcdi (United sai p\u00fcssi paukuma) &#8211; Soccernet.ee"},"content":{"rendered":"<p><img decoding=\"async\" src=\"https:\/\/www.europesays.com\/ee\/wp-content\/uploads\/2026\/08\/1788103818.jpg\" alt=\"Promise David N\u00f5mme Kalju s\u00e4rgis 2024. aastal. Foto: Katariina Peetson \/ jalgpall.ee\"\/>&#13;\n<\/p>\n<p>Endine N\u00f5mme Kalju r\u00fcndaja tegi Brightoni eest Inglismaa k\u00f5rgliiga teises voorus deb\u00fc\u00fcdi. K\u00fcll aga pidi vahetusest sekkunud Kanada passiga r\u00fcndaja vastu v\u00f5tma 3:4 kaotuse Chelsealt.\u00a0<\/p>\n<p>Chelsea pidas Xabi Alonso esimeses kodum\u00e4ngus peatreenerina maha korraliku v\u00e4ravatepeo. Kodumeeskond haaras juba neljandal minutil juhtohjad, kui Mats Wiefferi ja Bart Verbruggeni segaduse kasutas \u00e4ra Romeo Lavia. K\u00fcmme minutit hiljem suurendas Pedro Neto Chelsea edu ning 32. minutil viis Joao Pedro v\u00f5\u00f5rustajad juba 3:0 ette. Brighton sai enne vaheaega \u00fche v\u00e4rava tagasi, kui Malick Yalcouye v\u00f5imas l\u00f6\u00f6k lendas posti abiga v\u00f5rku.&#13;\n<\/p>\n<p>Teisel poolajal muutus kohtumine taas p\u00f5nevaks. Joao Pedro omav\u00e4rav v\u00e4hendas Brightoni kaotusseisu minimaalseks, kuid Chelsea suutis p\u00e4rast Alonso tehtud kolmikvahetust m\u00e4ngu uuesti enda kontrolli alla saada ning Cole Palmer taastas ilusa l\u00f6\u00f6giga kahev\u00e4ravalise edu.&#13;\n<\/p>\n<p>P\u00e4rast Palmeri tabamust sekkus Premier League&#8217;i deb\u00fc\u00fcdiks ka <a href=\"https:\/\/soccernet.ee\/artikkel\/ametlik-promise-david-liitus-premier-leaguei-klubiga\" rel=\"nofollow noopener\" target=\"_blank\">augusti keskel Brightoniga liitunud<\/a> endine kaljukas Promise David. Pascal Gross l\u00f5i \u00fcleminutitel Brightonile veel \u00fche v\u00e4rava tagasi, ent enamaks k\u00fclalistel aega ei jagunud.\u00a0<\/p>\n<blockquote class=\"twitter-tweet\"><p>&#13;<\/p>\n<p lang=\"en\" dir=\"ltr\">6 &#8211; Jo\u00e3o Pedro today was the sixth player (and first for Chelsea) to score a goal, assist a goal, and score an own goal in the same Premier League game, and first since Tottenham Hotspur\u2019s Son Heung-min against Man City in December 2023.<\/p>\n<p>Eventful. <a href=\"https:\/\/t.co\/xRVjqkOY9D\" rel=\"nofollow\">pic.twitter.com\/xRVjqkOY9D<\/a>&#13;<br \/>\n\u2014 OptaJoe (@OptaJoe) <a href=\"https:\/\/x.com\/OptaJoe\/status\/2094076675315187820?ref_src=twsrc%5Etfw\" rel=\"nofollow\">August 30, 2026<\/a><\/p>\n<\/blockquote>\n<p>V\u00f5rreldes avavooruga tegi parema soorituse ka Manchester United, kes alistas 5:2 Ipswich Towni. Nagu ka avavoorus, lasti esiliigast t\u00f5usnud meeskonnal skoor avada, ent seej\u00e4rel tegi kolmel korral skoori Bruno Fernandes ning Ipswich l\u00f5i ka omav\u00e4rava. P\u00e4rast seda jagas Fernandes Bryan Mbeumo v\u00e4ravale resultatiivse s\u00f6\u00f6du ning kohtumise l\u00f5pus suutis Ipswich \u00fche tagasi l\u00fc\u00fca.\u00a0&#13;\n<\/p>\n<blockquote class=\"twitter-tweet\"><p>&#13;<\/p>\n<p lang=\"en\" dir=\"ltr\">2 &#8211; Bruno Fernandes has scored his second Premier League hat-trick &#8211; both of which have come in Manchester United&#8217;s first home game of a Premier League season: 2021-22 v Leeds United and 2026-27 v Ipswich Town.<\/p>\n<p>Magician. <a href=\"https:\/\/t.co\/nPAKny9fYm\" rel=\"nofollow\">pic.twitter.com\/nPAKny9fYm<\/a>&#13;<br \/>\n\u2014 OptaJoe (@OptaJoe) <a href=\"https:\/\/x.com\/OptaJoe\/status\/2094108056862810512?ref_src=twsrc%5Etfw\" rel=\"nofollow\">August 30, 2026<\/a><\/p>\n<\/blockquote>\n<p>Napi 1:0 v\u00f5idu sai kirja Sunderland, kes alistas Fulhami. Kohtumise avapoolaeg kulges v\u00e4ravateta ning ainus tabamus s\u00fcndis 75. minutil, mil Habib Diarra s\u00f6\u00f6du koksas v\u00e4ravasse Wilson Isidor. Punktid l\u00e4ksid jagamisele Leedsi ja Brentfordi vahel. Kevin Schade avas Brentfordi eest skoori ning teisel poolajal viigistas Leedsi eest Dominic Calvert-Lewin.\u00a0&#13;\n<\/p>\n<p>          <script async src=\"https:\/\/platform.twitter.com\/widgets.js\" charset=\"utf-8\"><\/script><\/p>\n","protected":false},"excerpt":{"rendered":"&#13; Endine N\u00f5mme Kalju r\u00fcndaja tegi Brightoni eest Inglismaa k\u00f5rgliiga teises voorus deb\u00fc\u00fcdi. K\u00fcll aga pidi vahetusest sekkunud&hellip;\n","protected":false},"author":2,"featured_media":264407,"comment_status":"","ping_status":"","sticky":false,"template":"","format":"standard","meta":{"footnotes":"","_share_on_mastodon":"0"},"categories":[18],"tags":[5066,1094,1098,6562,37,33,35,34,36,3045,1101,806,1357,1102,1359,808,102737,6565,159,158,1616],"class_list":["post-264406","post","type-post","status-publish","format-standard","has-post-thumbnail","category-sport","tag-brentford","tag-brighton","tag-chelsea","tag-david","tag-ee","tag-eesti","tag-eesti-keel","tag-estonia","tag-estonian","tag-fulham","tag-inglismaa","tag-inglismaa-korgliiga","tag-kalju","tag-leeds","tag-nomme-kalju","tag-premier-league","tag-promis","tag-promise-david","tag-sport","tag-sports","tag-sunderland"],"share_on_mastodon":{"url":"https:\/\/pubeurope.com\/@ee\/117186055856459309","error":""},"_links":{"self":[{"href":"https:\/\/www.europesays.com\/ee\/wp-json\/wp\/v2\/posts\/264406","targetHints":{"allow":["GET"]}}],"collection":[{"href":"https:\/\/www.europesays.com\/ee\/wp-json\/wp\/v2\/posts"}],"about":[{"href":"https:\/\/www.europesays.com\/ee\/wp-json\/wp\/v2\/types\/post"}],"author":[{"embeddable":true,"href":"https:\/\/www.europesays.com\/ee\/wp-json\/wp\/v2\/users\/2"}],"replies":[{"embeddable":true,"href":"https:\/\/www.europesays.com\/ee\/wp-json\/wp\/v2\/comments?post=264406"}],"version-history":[{"count":0,"href":"https:\/\/www.europesays.com\/ee\/wp-json\/wp\/v2\/posts\/264406\/revisions"}],"wp:featuredmedia":[{"embeddable":true,"href":"https:\/\/www.europesays.com\/ee\/wp-json\/wp\/v2\/media\/264407"}],"wp:attachment":[{"href":"https:\/\/www.europesays.com\/ee\/wp-json\/wp\/v2\/media?parent=264406"}],"wp:term":[{"taxonomy":"category","embeddable":true,"href":"https:\/\/www.europesays.com\/ee\/wp-json\/wp\/v2\/categories?post=264406"},{"taxonomy":"post_tag","embeddable":true,"href":"https:\/\/www.europesays.com\/ee\/wp-json\/wp\/v2\/tags?post=264406"}],"curies":[{"name":"wp","href":"https:\/\/api.w.org\/{rel}","templated":true}]}}