{"id":264416,"date":"2026-08-30T19:28:19","date_gmt":"2026-08-30T19:28:19","guid":{"rendered":"https:\/\/www.europesays.com\/ee\/264416\/"},"modified":"2026-08-30T19:28:19","modified_gmt":"2026-08-30T19:28:19","slug":"punktiseis-pajari-tuli-evansile-lahemale-virves-pusib-wrc2-s-kindlalt-liidrikohal","status":"publish","type":"post","link":"https:\/\/www.europesays.com\/ee\/264416\/","title":{"rendered":"PUNKTISEIS | Pajari tuli Evansile l\u00e4hemale, Virves p\u00fcsib WRC2-s kindlalt liidrikohal"},"content":{"rendered":"<p>Paraguays v\u00f5idutses Pajari, kes teenis juba kolmanda j\u00e4rjestikuse esikoha. Soomlane teenis v\u00f5idu eest 25 punkti, p\u00fchap\u00e4evast ta lisa ei noppinud. Talle j\u00e4rgnesid Paraguays Hyundai mehed Hayden Paddon ning Adrien Fourmaux.<\/p>\n<p>MM-sarja liider Evans l\u00f5petas L\u00f5una-Ameerikas toimunud v\u00f5istluse neljanda kohaga ning teenis kokku 15 silma. \u00dcldarvetuses v\u00e4hendas Pajari tiimikaaslasega vahe 30 punkti pealt 20-le.<\/p>\n<p>Autoralli MM-sarja \u00fcldseis (sulgudes <a rel=\"noopener nofollow\" target=\"_blank\" href=\"https:\/\/www.delfi.ee\/teema\/96879283\/paraguay-ralli\" tag-id=\"96879283\">Paraguay ralli<\/a>, p\u00fchap\u00e4evase arvestuse ja punktikatse punktid):<\/p>\n<p>1. Elfyn Evans (Toyota) 216 p (12+1+2)<br \/>2. Sami Pajari (Toyota) 196 p (25+0+0)<br \/>3. Oliver Solberg (Toyota) 175 (10+4+5)<br \/>4. Takamoto Katsuta (Toyota) 160 p (katkestas)<br \/>5. Adrien Fourmaux (Hyundai) 149 p (15+2+3)<br \/>6. Sebastien Ogier (Toyota) 148 p  (0+5+4)<br \/>7. Thierry Neuville (Hyundai) 129 p (0+3+1)<br \/>8. Hayden Paddon (Hyundai) 38 p (17+0+0)<br \/>9. Josh McErlean (M-Sport) 29 p (8+0+0)<br \/>10. Esapekka Lappi (Hyundai) 25 p (ei osalenud)<\/p>\n<p>1. Toyota 554 p<br \/>2. Hyundai 381 p<br \/>3. Toyota WRT2 p 210 p<br \/>4. M-Sport 138 p<\/p>\n<p>Virves p\u00fcsib WRC2-s liidrikohal<\/p>\n<p>WRC2-sarja liidril Robert Virvesel lipsas Paraguay rallil sisse oma hooaja esimene eba\u00f5nnestumine. Neli esimest punktirallit v\u00f5itnud eestlane n\u00fc\u00fcd lisa ei teeninud. Ta langes suurest m\u00e4ngust avakatse avarii t\u00f5ttu. Sellele vaatamata on WRC2 heitluses ohjad endiselt kindlalt Virvese k\u00e4es. L\u00e4himad j\u00e4litajad Roope Korhonen, Teemu Suninen ja Leo Rossel Paraguays ei v\u00f5istelnud. <\/p>\n<p>Teistest konkurentidest olid kohal n\u00e4iteks Nikolay Gryazin, Yohan Rossel ja Alejandro Cachon. Gryazin teenis viienda ja Rossel kuuenda koha, Cachon katkestas.<\/p>\n<p>WRC2-s saab punktidele nomineerida seitse etappi, millest kuus paremat l\u00e4hevad arvesse. Virvesel, Leo Rosselil ja Gryazinil on viis punktirallit tehtud, mitmel juba kuus. Tehtud rallide ja punktisumma hulka arvestades on endiselt eestlase suurim ohustaja Suninen, aga ta on m\u00f5ista andnud, et teda ei pruugi t\u00e4navu rohkem MM-sarjas n\u00e4ha.<\/p>\n<p>WRC2 \u00fcldseis (sulgudes tehtud punktirallide arv):<\/p>\n<p>1. Robert Virves 100 p (5\/7)<br \/>2. Roope Korhonen 79 p (6\/7)<br \/>3. Teemu Suninen 76 p (4\/7)<br \/>4. Nikolay Gryazin 66 p (5\/7) <br \/>5. Leo Rossel 64 p (5\/7)<br \/>6. Alejandro Cachon 61 p (6\/7)<\/p>\n<p>Autoralli MM-sarja hooaeg j\u00e4tkub 10. &#8211; 13. septembrini toimuva T\u0161iili MM-etapiga.<\/p>\n<p>Kuidas see lugu Sind end tundma pani?Saada<a href=\"https:\/\/sport.delfi.ee\/artikkel\/120607107\/punktiseis-pajari-tuli-evansile-lahemale-virves-pusib-wrc2-s-kindlalt-liidrikohal\/kommentaarid\" class=\"button button--primary button--size-auto article-body-bottom__comment article-body-bottom__comment--write\" style=\"\" rel=\"nofollow noopener\" target=\"_blank\">Kommenteeri<\/a><a href=\"https:\/\/sport.delfi.ee\/artikkel\/120607107\/punktiseis-pajari-tuli-evansile-lahemale-virves-pusib-wrc2-s-kindlalt-liidrikohal\/kommentaarid\" class=\"button button--size-auto article-body-bottom__comment article-body-bottom__comment--read\" style=\"\" rel=\"nofollow noopener\" target=\"_blank\">Loe kommentaare <\/a><\/p>\n","protected":false},"excerpt":{"rendered":"Paraguays v\u00f5idutses Pajari, kes teenis juba kolmanda j\u00e4rjestikuse esikoha. Soomlane teenis v\u00f5idu eest 25 punkti, p\u00fchap\u00e4evast ta lisa&hellip;\n","protected":false},"author":2,"featured_media":264417,"comment_status":"","ping_status":"","sticky":false,"template":"","format":"standard","meta":{"footnotes":"","_share_on_mastodon":"0"},"categories":[5],"tags":[26,27,37,33,35,3307,34,36,31,32,21,28,29,19,96671,25,3016,6863,23,24,3181,22,20,30,5353],"class_list":["post-264416","post","type-post","status-publish","format-standard","has-post-thumbnail","category-uldised-uudised","tag-breaking-news","tag-breakingnews","tag-ee","tag-eesti","tag-eesti-keel","tag-elfyn-evans","tag-estonia","tag-estonian","tag-featured-news","tag-featurednews","tag-headlines","tag-latest-news","tag-latestnews","tag-news","tag-paraguay-ralli","tag-populaarseimad-lood","tag-robert-virves","tag-sami-pajari","tag-top-stories","tag-topstories","tag-toyota","tag-uldised-uudised","tag-uudised","tag-viimased-uudised","tag-wrc2"],"share_on_mastodon":{"url":"https:\/\/pubeurope.com\/@ee\/117186114501562961","error":""},"_links":{"self":[{"href":"https:\/\/www.europesays.com\/ee\/wp-json\/wp\/v2\/posts\/264416","targetHints":{"allow":["GET"]}}],"collection":[{"href":"https:\/\/www.europesays.com\/ee\/wp-json\/wp\/v2\/posts"}],"about":[{"href":"https:\/\/www.europesays.com\/ee\/wp-json\/wp\/v2\/types\/post"}],"author":[{"embeddable":true,"href":"https:\/\/www.europesays.com\/ee\/wp-json\/wp\/v2\/users\/2"}],"replies":[{"embeddable":true,"href":"https:\/\/www.europesays.com\/ee\/wp-json\/wp\/v2\/comments?post=264416"}],"version-history":[{"count":0,"href":"https:\/\/www.europesays.com\/ee\/wp-json\/wp\/v2\/posts\/264416\/revisions"}],"wp:featuredmedia":[{"embeddable":true,"href":"https:\/\/www.europesays.com\/ee\/wp-json\/wp\/v2\/media\/264417"}],"wp:attachment":[{"href":"https:\/\/www.europesays.com\/ee\/wp-json\/wp\/v2\/media?parent=264416"}],"wp:term":[{"taxonomy":"category","embeddable":true,"href":"https:\/\/www.europesays.com\/ee\/wp-json\/wp\/v2\/categories?post=264416"},{"taxonomy":"post_tag","embeddable":true,"href":"https:\/\/www.europesays.com\/ee\/wp-json\/wp\/v2\/tags?post=264416"}],"curies":[{"name":"wp","href":"https:\/\/api.w.org\/{rel}","templated":true}]}}