{"id":264420,"date":"2026-08-30T19:46:12","date_gmt":"2026-08-30T19:46:12","guid":{"rendered":"https:\/\/www.europesays.com\/ee\/264420\/"},"modified":"2026-08-30T19:46:12","modified_gmt":"2026-08-30T19:46:12","slug":"henri-drell-vabandan-eesti-rahva-ees-voite-mind-risti-luua-olen-sellega-nous","status":"publish","type":"post","link":"https:\/\/www.europesays.com\/ee\/264420\/","title":{"rendered":"Henri Drell: vabandan Eesti rahva ees. V\u00f5ite mind risti l\u00fc\u00fca, olen sellega n\u00f5us"},"content":{"rendered":"<p>Eesti kaotas k\u00f5igepealt v\u00f5\u00f5rsil Ungarile 67:85, p\u00e4rast mida r\u00e4\u00e4kisid koondislased, et hullemaks minna ei saa. Nagu elu n\u00e4itas, siis saab. Eesti juhtis Tallinnas t\u00e4ispakitud Unibet Arenal Soome vastu 34:26, aga kaotas l\u00f5puks 67:96.<\/p>\n<p>\u201eVabandan Eesti rahva ees. V\u00f5ite mind risti l\u00fc\u00fca, olen sellega n\u00f5us. Need kaks m\u00e4ngu on kindlasti minu s\u00fc\u00fc. Nii-\u00f6elda liidrina, nagu ma tahan olla. Ma ei suutnud meeskonda vedada kaitses, r\u00fcnnakul ega ka v\u00e4ljaspool korvpallisaali,\u201c v\u00f5ttis Drell oma tunded ausalt kokku.<\/p>\n<p><a href=\"https:\/\/sport.delfi.ee\/artikkel\/120607123\/henri-drell-vabandan-eesti-rahva-ees-voite-mind-risti-luua-olen-sellega-nous\/kommentaarid\" class=\"button button--primary button--size-auto article-body-bottom__comment article-body-bottom__comment--write\" style=\"\" rel=\"nofollow noopener\" target=\"_blank\">Kommenteeri<\/a><a href=\"https:\/\/sport.delfi.ee\/artikkel\/120607123\/henri-drell-vabandan-eesti-rahva-ees-voite-mind-risti-luua-olen-sellega-nous\/kommentaarid\" class=\"button button--size-auto article-body-bottom__comment article-body-bottom__comment--read\" style=\"\" rel=\"nofollow noopener\" target=\"_blank\">Loe kommentaare (7)<\/a><\/p>\n","protected":false},"excerpt":{"rendered":"Eesti kaotas k\u00f5igepealt v\u00f5\u00f5rsil Ungarile 67:85, p\u00e4rast mida r\u00e4\u00e4kisid koondislased, et hullemaks minna ei saa. Nagu elu n\u00e4itas,&hellip;\n","protected":false},"author":2,"featured_media":264421,"comment_status":"","ping_status":"","sticky":false,"template":"","format":"standard","meta":{"footnotes":"","_share_on_mastodon":"0"},"categories":[18],"tags":[37,33,35,3119,34,36,41,159,158],"class_list":["post-264420","post","type-post","status-publish","format-standard","has-post-thumbnail","category-sport","tag-ee","tag-eesti","tag-eesti-keel","tag-eesti-korvpallikoondis","tag-estonia","tag-estonian","tag-henri-drell","tag-sport","tag-sports"],"share_on_mastodon":{"url":"https:\/\/pubeurope.com\/@ee\/117186185523920278","error":""},"_links":{"self":[{"href":"https:\/\/www.europesays.com\/ee\/wp-json\/wp\/v2\/posts\/264420","targetHints":{"allow":["GET"]}}],"collection":[{"href":"https:\/\/www.europesays.com\/ee\/wp-json\/wp\/v2\/posts"}],"about":[{"href":"https:\/\/www.europesays.com\/ee\/wp-json\/wp\/v2\/types\/post"}],"author":[{"embeddable":true,"href":"https:\/\/www.europesays.com\/ee\/wp-json\/wp\/v2\/users\/2"}],"replies":[{"embeddable":true,"href":"https:\/\/www.europesays.com\/ee\/wp-json\/wp\/v2\/comments?post=264420"}],"version-history":[{"count":0,"href":"https:\/\/www.europesays.com\/ee\/wp-json\/wp\/v2\/posts\/264420\/revisions"}],"wp:featuredmedia":[{"embeddable":true,"href":"https:\/\/www.europesays.com\/ee\/wp-json\/wp\/v2\/media\/264421"}],"wp:attachment":[{"href":"https:\/\/www.europesays.com\/ee\/wp-json\/wp\/v2\/media?parent=264420"}],"wp:term":[{"taxonomy":"category","embeddable":true,"href":"https:\/\/www.europesays.com\/ee\/wp-json\/wp\/v2\/categories?post=264420"},{"taxonomy":"post_tag","embeddable":true,"href":"https:\/\/www.europesays.com\/ee\/wp-json\/wp\/v2\/tags?post=264420"}],"curies":[{"name":"wp","href":"https:\/\/api.w.org\/{rel}","templated":true}]}}