{"id":264430,"date":"2026-08-30T20:07:22","date_gmt":"2026-08-30T20:07:22","guid":{"rendered":"https:\/\/www.europesays.com\/ee\/264430\/"},"modified":"2026-08-30T20:07:22","modified_gmt":"2026-08-30T20:07:22","slug":"teil-seal-hesburger-on-voi-loe-millised-ootused-on-station-narva-2026-esinejatel","status":"publish","type":"post","link":"https:\/\/www.europesays.com\/ee\/264430\/","title":{"rendered":"\u00abTeil seal Hesburger on v\u00f5i?\u00bb Loe, millised ootused on Station Narva 2026 esinejatel"},"content":{"rendered":"<p>3.\u20136. septembril toimuva muusika- ja linnafestivali Station Narva avab neljap\u00e4eval, 3. septembril kontsert \u00abEesti gruuv\u00bb Narva kultuurimaja Rugodiv suures saalis. Loe, mida r\u00e4\u00e4givad festivalil \u00fcles astuvad artistid!<\/p>\n<p>Elu24 avaldab j\u00e4rgem\u00f6\u00f6da l\u00fchiintervjuusid 3.\u20136. septembril toimuva Station Narva esinejatega. Loe esimese viie muljeid ja m\u00f5tteid!<\/p>\n","protected":false},"excerpt":{"rendered":"3.\u20136. septembril toimuva muusika- ja linnafestivali Station Narva avab neljap\u00e4eval, 3. septembril kontsert \u00abEesti gruuv\u00bb Narva kultuurimaja Rugodiv&hellip;\n","protected":false},"author":2,"featured_media":264431,"comment_status":"","ping_status":"","sticky":false,"template":"","format":"standard","meta":{"footnotes":"","_share_on_mastodon":"0"},"categories":[16],"tags":[4763,37,33,35,173,34,36,93506,23707,102749,102746,102748,102750,140,3773,102747,13005,55621,102745,31791],"class_list":["post-264430","post","type-post","status-publish","format-standard","has-post-thumbnail","category-meelelahutus","tag-alika-milova","tag-ee","tag-eesti","tag-eesti-keel","tag-entertainment","tag-estonia","tag-estonian","tag-lotte-jurjendal","tag-luurel-varas","tag-magic-land","tag-mariin-kallikormi-band","tag-marta-zlakowska","tag-maxinquaye","tag-meelelahutus","tag-narva-muuseum","tag-ro-ro","tag-rugodiv","tag-sade-semper","tag-station-narva-2026","tag-tricky"],"share_on_mastodon":{"url":"https:\/\/pubeurope.com\/@ee\/117186267920546944","error":""},"_links":{"self":[{"href":"https:\/\/www.europesays.com\/ee\/wp-json\/wp\/v2\/posts\/264430","targetHints":{"allow":["GET"]}}],"collection":[{"href":"https:\/\/www.europesays.com\/ee\/wp-json\/wp\/v2\/posts"}],"about":[{"href":"https:\/\/www.europesays.com\/ee\/wp-json\/wp\/v2\/types\/post"}],"author":[{"embeddable":true,"href":"https:\/\/www.europesays.com\/ee\/wp-json\/wp\/v2\/users\/2"}],"replies":[{"embeddable":true,"href":"https:\/\/www.europesays.com\/ee\/wp-json\/wp\/v2\/comments?post=264430"}],"version-history":[{"count":0,"href":"https:\/\/www.europesays.com\/ee\/wp-json\/wp\/v2\/posts\/264430\/revisions"}],"wp:featuredmedia":[{"embeddable":true,"href":"https:\/\/www.europesays.com\/ee\/wp-json\/wp\/v2\/media\/264431"}],"wp:attachment":[{"href":"https:\/\/www.europesays.com\/ee\/wp-json\/wp\/v2\/media?parent=264430"}],"wp:term":[{"taxonomy":"category","embeddable":true,"href":"https:\/\/www.europesays.com\/ee\/wp-json\/wp\/v2\/categories?post=264430"},{"taxonomy":"post_tag","embeddable":true,"href":"https:\/\/www.europesays.com\/ee\/wp-json\/wp\/v2\/tags?post=264430"}],"curies":[{"name":"wp","href":"https:\/\/api.w.org\/{rel}","templated":true}]}}