{"id":264440,"date":"2026-08-30T20:30:13","date_gmt":"2026-08-30T20:30:13","guid":{"rendered":"https:\/\/www.europesays.com\/ee\/264440\/"},"modified":"2026-08-30T20:30:13","modified_gmt":"2026-08-30T20:30:13","slug":"memo-tantsime-koik-lapaduud-tammeka-voidulaine-viis-narvast-veel-uhe-olekorre-galerii-soccernet-ee","status":"publish","type":"post","link":"https:\/\/www.europesays.com\/ee\/264440\/","title":{"rendered":"Memo | &#8220;Tantsime k\u00f5ik lapaduud!&#8221; Tammeka v\u00f5idulaine viis Narvast veel \u00fche \u00f5lek\u00f5rre (galerii!) &#8211; Soccernet.ee"},"content":{"rendered":"<p><img decoding=\"async\" src=\"https:\/\/www.europesays.com\/ee\/wp-content\/uploads\/2026\/08\/1788118710.JPG\" alt=\"Kristen Lapa oli \u00f5hus peremees. Foto: Sergei Stepanov\"\/>&#13;\n<\/p>\n<p>Premium liigasse p\u00fcsimaj\u00e4\u00e4mise eest v\u00f5itlev Narva Trans r\u00fcndas Tartu Tammeka v\u00e4ravat meeleheitlikult, aga Kristen Lapa j\u00e4i k\u00fclaliste v\u00e4ravasuul \u00fcletamatuks. &#8220;Tantsime k\u00f5ik lapaduud!&#8221; laulsid Tammeka poolehoidjad ja s\u00f5itsid koju 2:0 v\u00f5iduga, mis hoiab neid k\u00f5rges m\u00e4ngus.<\/p>\n<p>M\u00e4ng Narva Kalev-Fama staadionil algas v\u00f5rdselt ja v\u00f5imalustevaeselt. Esimesed variandid tekkisid Transi r\u00fcndajal Ahmad Gerol, kes 11. minutil tabas karistusalakaare pealt tagumist v\u00e4ravaposti, viis minutit hiljem saatis aga paremalt positsioonilt palli v\u00e4ravast m\u00f6\u00f6da.\u00a0\u00a0&#13;\n<\/p>\n<p>Tasapisi kaldus pallivaldamine k\u00fclalismeeskonna k\u00e4tte ning see kulmineerus 42. minuti juhtv\u00e4ravaga. Tammeka kasutas \u00e4ra minutilise arvulise \u00fclekaalu, Patrick Genro Veelma tsenderdas tagumisse posti, Giacomo Uggeri avanes ja suunas viielt meetrilt peal\u00f6\u00f6gi v\u00f5rku &#8211; 0:1!&#13;\n<\/p>\n<p>Teisele poolajale tuli Trans peale r\u00fcndetuhinaga, mis muutis m\u00e4ngu lahtiseks. Pikema k\u00f5rre t\u00f5mbasid j\u00e4llegi k\u00fclalised, kui Thomas Lisboa nurgal\u00f6\u00f6k maandus keskkaitsja Cristian Campagna k\u00e4e peale ning tulemuseks oli penalti, mille Veelma k\u00fclmavereliselt v\u00e4rava keskele l\u00f5i &#8211; 0:2!&#13;\n<\/p>\n<p>Narvalased r\u00fcndasid \u00fcha meeleheitlikumalt, andsid igal v\u00f5imalusel tuld ning saatsid k\u00f5rgeid palle kasti. K\u00f5ige l\u00e4hemale j\u00f5udis taaskord Gero, aga 73. minutil saatis ta kuuelt meetrilt palli \u00fcle lati ning kuus minutit hiljem vastas Lapa talle reaktsioonit\u00f5rjega. Tammeka hoidis edust kinni ja pikendas oma v\u00f5iduseeria viiele m\u00e4ngule. Soccernet.ee t\u00e4helepanekud:&#13;\n<\/p>\n<p>Rotatsioon | Pool Tammeka tiimi. Tammeka pidas alles kolmap\u00e4eval maha t\u00e4htsa ja v\u00f5iduka heitluse FC Floraga ning uuel kolmap\u00e4eval peetakse \u00e4ra teinegi varasemast edasi l\u00fckatud duell Floraga, seekord v\u00f5\u00f5ral v\u00e4ljakul. Sedav\u00f5rd pingeline graafik n\u00f5uab paratamatult koormuste jagamist ning peatreener Karel Voolaid roteeriski Narvas julgelt, vahetades algkoosseisus v\u00e4lja koguni kuus liiget ehk rohkem kui pool meeskonnast.&#13;\n<\/p>\n<p>K\u00f5ige \u00fcllatavam nimi algkoosseisus oli Romet Silov, kelle jaoks oli tegu \u00fcle\u00fcldse esimese stardiga Premium liigas (varemalt oli ta neli korda vahetusest sekkunud), kuid kes tegi vasakul \u00e4\u00e4rel julge ja \u00f5nnestunud esituse. Voolaidi vangerdused ei piirdunud aga ainult isikkoosseisuga, vaid \u00fcmber m\u00e4ngiti ka positsioone: tavap\u00e4rane keskpoolik Joachim Amijekori alustas keskkaitses ja viimastel aastatel pigem kaitses m\u00e4nginud Reio Laabus omakorda keskv\u00e4ljal. Laabuse pallik\u00e4sitluse oskused kulusid seal \u00e4ra, et Thomas Lisboa tavap\u00e4rast niidit\u00f5mbaja rolli t\u00e4ita.&#13;\n<\/p>\n<p><img decoding=\"async\" src=\"https:\/\/www.europesays.com\/ee\/wp-content\/uploads\/2026\/08\/1788118632.JPG\" alt=\"Foto: Sergei Stepanov\"\/>&#13;\n<\/p>\n<p>\u00dcllatus | Transi keskkaitses. Ka Transil j\u00e4i seljataha n\u00e4dalasisene m\u00e4ng, nemad alistasid karikav\u00f5istlustel N\u00f5mme Kalju. J\u00e4rgmine m\u00e4ng ootab neid aga ees alles uue n\u00e4dala l\u00f5pus, nii et sama palju roteerida polnud tarvis. \u00dcks suur \u00fcllatus Transi algkoosseisus siiski oli &#8211; 18-aastane Emilis Petkus sai kirja oma Premium liiga deb\u00fc\u00fcdi ning seda keskkaitses!&#13;\n<\/p>\n<p>Kogenud Artjom \u0160kinjov ja Sergei Kondrattsev istusid pingil ja isegi raudmees Irie v\u00f5inuks seda positsiooni m\u00e4ngida, kuid peatreener David Campana eelistus kuulus noorukile, kes sai t\u00f5ele au andes seal igati korralikult hakkama ega n\u00e4idanud v\u00e4himatki aukartust.\u00a0<\/p>\n<p>Kaalukeeled | Uus reegel ja (eba)\u00f5nn. M\u00e4nguliselt v\u00e4\u00e4risid vastased \u00fcksteist &#8211; teisel poolajal haaras initsiatiivi k\u00fcll enda k\u00e4tte Trans, aga see oli seisu arvestades ootusp\u00e4rane. Konkreetseid v\u00e4ravav\u00f5imalusi avanes \u00fcsna v\u00f5rdselt napilt, Transi teise poolaja suur hulk pealel\u00f6\u00f6ke kippusid kas ohutult m\u00f6\u00f6da lendama v\u00f5i siis kaitsjatesse takerduma. Sellises pingelises heitluses, kus punktidel oli m\u00f5lema meeskonna jaoks v\u00e4ga suur kaal, said otsustavaks detailid, mille puhul v\u00f5ib r\u00e4\u00e4kida ka \u00f5nnefaktorist.&#13;\n<\/p>\n<p>Tammeka avav\u00e4rav s\u00fcndis olukorras, kus Murad Velijev oli kaelapiirkonda haiget saanud ja vajas arstiabi, aga sel suvel kehtima hakanud reeglite t\u00f5ttu tuli tal seej\u00e4rel minut v\u00e4ljaku k\u00f5rval veeta. Tammeka kasutas \u00fclekaalu niimoodi, nagu hokis realiseeritakse power play olukordi: keerutas palli \u00fcmber Transi karistusala ja sutsas siis otsustavalt. Tammeka penalti s\u00fcndis aga olukorrast, kus \u00fcks Transi mees sattus \u00f5huv\u00f5itluses teisega nii \u00f5nnetult kontakti, et ta kaotas tasakaalu ja pall maandus talle k\u00e4e peaele.&#13;\n<\/p>\n<p>Tantsime k\u00f5ik | Lapaduud. Niiviisi skandeerisid Tammeka poolehoidjad 87. minutil p\u00e4rast Kristen Lapa t\u00f5rjet Ahmad Gero l\u00f6\u00f6gile. Pisivigastusest paranenud Lapa v\u00f5ttis Kristofer Sahtelilt esikindad tagasi ning ei pidanud Narvas tegelikult erilist t\u00f5rjeparaadi korraldama, sest ainult kolm Transi pealel\u00f6\u00f6ki j\u00f5udsid raamide vahele. See-eest korjas ta l\u00f5pu eel enda kindlate kinnaste vahele suure hulga tsenderdusi, aidates sellega Transi survet maandada.&#13;\n<\/p>\n<p>Tammeka Euroopasse? | T\u00e4iesti v\u00f5imalik.\u00a0&#8220;Suure neliku&#8221; (Levadia, Flora, Kalju, Paide) vahele kiilu l\u00f6\u00f6mine on j\u00e4tkuvalt pigem ebat\u00f5en\u00e4oline, aga suur kompliment \u00fclikoolilinnas sel aastal tehtud t\u00f6\u00f6le on juba seegi, et seda k\u00fcsimust on p\u00f5hjust k\u00fcsida veel n\u00fc\u00fcdki, kui m\u00e4ngitud saab kaks kolmandikku hooajast. \u00dche v\u00e4hempeetud m\u00e4ngu juures lahutab Tammekat Paidest ja Florast neli punkti ning kahe v\u00e4hempeetud m\u00e4ngu juures Kaljust kuus punkti. K\u00f5ik peale meistritiitli on laual ning oluline samm selles suunas on v\u00f5imalik astuda kolmap\u00e4eval, mil Florale k\u00fclla minnakse.&#13;\n<\/p>\n<p>Otsakorral | Transi \u00f5lek\u00f5rred.\u00a0Narva Transi esitused hooaja teises pooles on varasemaga v\u00f5rreldes nagu \u00f6\u00f6 ja p\u00e4ev, kuid ka konkurendid ei maga ning ilusate kaotustega pole narvalastel midagi peale hakata. 11 vooru enne hooaja l\u00f5ppu lahutab Transi Unitedist ja Kuressaarest 8 punkti, mis kujutab endast v\u00e4ga j\u00e4rsku m\u00e4ge. Et sellest m\u00e4est \u00fcle p\u00e4\u00e4seda, tuleks Tammeka mastist meeskondi koduv\u00e4ljakul v\u00f5ita. Veelgi t\u00e4htsam saab aga olema 5. septembri v\u00f5\u00f5rsilm\u00e4ng Kuressaarega, kellega on Transil pidamata veel \u00fcks s\u00fcgisene kohtumine &#8211; kui nendest m\u00e4ngudest maksimumi ei v\u00f5eta, \u00e4hvardab Transi t\u00f5epoolest esmakordne k\u00f5rgliigast pudenemine.&#13;\n<\/p>\n<p><img decoding=\"async\" src=\"https:\/\/www.europesays.com\/ee\/wp-content\/uploads\/2026\/08\/1788118728.JPG\" alt=\"Foto: Sergei Stepanov\"\/>&#13;\n<\/p>\n<p>Staar | Patrick Genro Veelma. \u00dcks-pluss-\u00fcks r\u00e4\u00e4gib enda eest ning Veelma on \u00fcks hea n\u00e4ide kohalikest p\u00f5himeestest, kes on suutnud Tammeka kvaliteetsete lisaj\u00f5udude saabudes t\u00f5estada, et nemadki on v\u00f5imelised esinema senisest k\u00f5rgemal tasemel. Tammeka vasak\u00e4\u00e4r toimis selgelt paremini kui parem ning Veelmal oli selles oluline roll nii kaitses kui r\u00fcnnakul.&#13;<\/p>\n","protected":false},"excerpt":{"rendered":"&#13; Premium liigasse p\u00fcsimaj\u00e4\u00e4mise eest v\u00f5itlev Narva Trans r\u00fcndas Tartu Tammeka v\u00e4ravat meeleheitlikult, aga Kristen Lapa j\u00e4i k\u00fclaliste&hellip;\n","protected":false},"author":2,"featured_media":264441,"comment_status":"","ping_status":"","sticky":false,"template":"","format":"standard","meta":{"footnotes":"","_share_on_mastodon":"0"},"categories":[18],"tags":[37,33,35,34,36,12234,12235,699,457,14228,167,159,158,701,702,459,698,14230],"class_list":["post-264440","post","type-post","status-publish","format-standard","has-post-thumbnail","category-sport","tag-ee","tag-eesti","tag-eesti-keel","tag-estonia","tag-estonian","tag-kristen-lapa","tag-lapa","tag-memo","tag-narva-trans","tag-patrick-genro-veelma","tag-premium-liiga","tag-sport","tag-sports","tag-tammeka","tag-tartu-tammeka","tag-trans","tag-ulevaade","tag-veelma"],"share_on_mastodon":{"url":"https:\/\/pubeurope.com\/@ee\/117186358735010392","error":""},"_links":{"self":[{"href":"https:\/\/www.europesays.com\/ee\/wp-json\/wp\/v2\/posts\/264440","targetHints":{"allow":["GET"]}}],"collection":[{"href":"https:\/\/www.europesays.com\/ee\/wp-json\/wp\/v2\/posts"}],"about":[{"href":"https:\/\/www.europesays.com\/ee\/wp-json\/wp\/v2\/types\/post"}],"author":[{"embeddable":true,"href":"https:\/\/www.europesays.com\/ee\/wp-json\/wp\/v2\/users\/2"}],"replies":[{"embeddable":true,"href":"https:\/\/www.europesays.com\/ee\/wp-json\/wp\/v2\/comments?post=264440"}],"version-history":[{"count":0,"href":"https:\/\/www.europesays.com\/ee\/wp-json\/wp\/v2\/posts\/264440\/revisions"}],"wp:featuredmedia":[{"embeddable":true,"href":"https:\/\/www.europesays.com\/ee\/wp-json\/wp\/v2\/media\/264441"}],"wp:attachment":[{"href":"https:\/\/www.europesays.com\/ee\/wp-json\/wp\/v2\/media?parent=264440"}],"wp:term":[{"taxonomy":"category","embeddable":true,"href":"https:\/\/www.europesays.com\/ee\/wp-json\/wp\/v2\/categories?post=264440"},{"taxonomy":"post_tag","embeddable":true,"href":"https:\/\/www.europesays.com\/ee\/wp-json\/wp\/v2\/tags?post=264440"}],"curies":[{"name":"wp","href":"https:\/\/api.w.org\/{rel}","templated":true}]}}