{"id":264442,"date":"2026-08-30T20:31:29","date_gmt":"2026-08-30T20:31:29","guid":{"rendered":"https:\/\/www.europesays.com\/ee\/264442\/"},"modified":"2026-08-30T20:31:29","modified_gmt":"2026-08-30T20:31:29","slug":"moskva-lahedalt-kaevati-valja-2600-hobemunti-mille-omanik-vois-olla-katkuohver","status":"publish","type":"post","link":"https:\/\/www.europesays.com\/ee\/264442\/","title":{"rendered":"Moskva l\u00e4hedalt kaevati v\u00e4lja 2600 h\u00f5bem\u00fcnti, mille omanik v\u00f5is olla katkuohver"},"content":{"rendered":"<p>Venemaa Teaduste Akadeemia Arheoloogiainstituudi avalduse kohaselt leiti m\u00fcndid elegantsest keraamilisest kannust. See oli maetud auku praeguses Kolomna kesklinnas, mis asub umbes 114 kilomeetrit Moskvast kagus. 14. ja 15. sajandil oli Kolomna piirkonna suuruselt teine linn.<\/p>\n<p>Enamik h\u00f5bem\u00fcnte on dengad. Neid hakati esmakordselt vermima 14. sajandi l\u00f5pus Moskva Suurv\u00fcrstiriigis, mis oli hiliskeskaegne Vene monarhia. Iga denga oli v\u00e4\u00e4rt pool kopikat. Teate kohaselt moodustavad m\u00fcndikogu p\u00f5hiosa Kolomnas Vassili I (valitses 1389\u20131425) ja Vassili II (valitses 1425\u20131462) ajal vermitud m\u00fcndid. M\u00f5lemad olid Moskva suurv\u00fcrstid, kuna linn ja selle laiem piirkond kuulusid tol ajal iseseisva v\u00fcrstiriigi koosseisu.<\/p>\n<p>\u00dcks huvitavamaid m\u00fcndit\u00fc\u00fcpe, mis arheoloogid leidsid, on \u00e4\u00e4rmiselt haruldane denga, millel on kujutatud lendavat lindu ja mis vermis Vasili I valitsemisaja viimastel aastatel. Lisaks kuuluvad aardesse \u00fcle 350 tundmatut t\u00fc\u00fcpi m\u00fcndi, mis on vermitud Kolomnas ja mida eksperdid praegu uurivad.<\/p>\n<p>Avalduse kohaselt oli Kolomna aarde maha matnud isik t\u00f5en\u00e4oliselt rikas ja k\u00f5rge staatusega inimene, n\u00e4iteks aadlik v\u00f5i \u00e4\u00e4rmiselt edukas kaupmees.<\/p>\n<p>Kuigi pole selge, miks aare maha maeti, arvavad eksperdid, et m\u00fcntide valmistamiskuup\u00e4ev annab olulise vihje. Teate kohaselt vermiti k\u00f5ige hilisemad m\u00fcndid 1420. aastate teisel poolel. See viitab sellele, et aare omanik v\u00f5is langeda ohvriks katkuepideemiale, mis Venemaa v\u00fcrstiriike aastatel 1424\u20131427 laastas.<\/p>\n<p>Kuidas see lugu Sind end tundma pani?Saada<a href=\"https:\/\/forte.delfi.ee\/artikkel\/120607088\/moskva-lahedalt-kaevati-valja-2600-hobemunti-mille-omanik-vois-olla-katkuohver\/kommentaarid\" class=\"button button--primary button--size-auto article-body-bottom__comment article-body-bottom__comment--write\" style=\"\" rel=\"nofollow noopener\" target=\"_blank\">Kommenteeri<\/a><a href=\"https:\/\/forte.delfi.ee\/artikkel\/120607088\/moskva-lahedalt-kaevati-valja-2600-hobemunti-mille-omanik-vois-olla-katkuohver\/kommentaarid\" class=\"button button--size-auto article-body-bottom__comment article-body-bottom__comment--read\" style=\"\" rel=\"nofollow noopener\" target=\"_blank\">Loe kommentaare (46)<\/a><\/p>\n","protected":false},"excerpt":{"rendered":"Venemaa Teaduste Akadeemia Arheoloogiainstituudi avalduse kohaselt leiti m\u00fcndid elegantsest keraamilisest kannust. See oli maetud auku praeguses Kolomna kesklinnas,&hellip;\n","protected":false},"author":2,"featured_media":264443,"comment_status":"","ping_status":"","sticky":false,"template":"","format":"standard","meta":{"footnotes":"","_share_on_mastodon":"0"},"categories":[14],"tags":[131,2016,130,12810,37,33,35,34,36,287,280,371],"class_list":["post-264442","post","type-post","status-publish","format-standard","has-post-thumbnail","category-ari","tag-ari","tag-autod","tag-business","tag-digiuudised","tag-ee","tag-eesti","tag-eesti-keel","tag-estonia","tag-estonian","tag-kosmos","tag-teadus","tag-tehnika"],"share_on_mastodon":{"url":"https:\/\/pubeurope.com\/@ee\/117186362435952244","error":""},"_links":{"self":[{"href":"https:\/\/www.europesays.com\/ee\/wp-json\/wp\/v2\/posts\/264442","targetHints":{"allow":["GET"]}}],"collection":[{"href":"https:\/\/www.europesays.com\/ee\/wp-json\/wp\/v2\/posts"}],"about":[{"href":"https:\/\/www.europesays.com\/ee\/wp-json\/wp\/v2\/types\/post"}],"author":[{"embeddable":true,"href":"https:\/\/www.europesays.com\/ee\/wp-json\/wp\/v2\/users\/2"}],"replies":[{"embeddable":true,"href":"https:\/\/www.europesays.com\/ee\/wp-json\/wp\/v2\/comments?post=264442"}],"version-history":[{"count":0,"href":"https:\/\/www.europesays.com\/ee\/wp-json\/wp\/v2\/posts\/264442\/revisions"}],"wp:featuredmedia":[{"embeddable":true,"href":"https:\/\/www.europesays.com\/ee\/wp-json\/wp\/v2\/media\/264443"}],"wp:attachment":[{"href":"https:\/\/www.europesays.com\/ee\/wp-json\/wp\/v2\/media?parent=264442"}],"wp:term":[{"taxonomy":"category","embeddable":true,"href":"https:\/\/www.europesays.com\/ee\/wp-json\/wp\/v2\/categories?post=264442"},{"taxonomy":"post_tag","embeddable":true,"href":"https:\/\/www.europesays.com\/ee\/wp-json\/wp\/v2\/tags?post=264442"}],"curies":[{"name":"wp","href":"https:\/\/api.w.org\/{rel}","templated":true}]}}