{"id":264454,"date":"2026-08-30T21:28:09","date_gmt":"2026-08-30T21:28:09","guid":{"rendered":"https:\/\/www.europesays.com\/ee\/264454\/"},"modified":"2026-08-30T21:28:09","modified_gmt":"2026-08-30T21:28:09","slug":"metsandusnoukoda-%e2%9f%a9-puidutoostuse-liidu-juhi-hinnangul-pole-eestisse-motet-tselluloositehast-ehitada","status":"publish","type":"post","link":"https:\/\/www.europesays.com\/ee\/264454\/","title":{"rendered":"METSANDUSN\u00d5UKODA \u27e9 Puidut\u00f6\u00f6stuse liidu juhi hinnangul pole Eestisse m\u00f5tet tselluloositehast ehitada"},"content":{"rendered":"<p class=\"MsoNormal\">Eesti metsa- ja puidut\u00f6\u00f6stuse liidu juhatuse esimehe ametit pidav Haidla m\u00e4rkis, et erinevaid osapooli \u00fchendav metsandusn\u00f5ukoda on iseenesest v\u00e4ga positiivne: \u00ab\u00dchine kokkulepe v\u00f5i arusaam on ka palju kergem s\u00fcndima, olen igal juhul lootusrikas.\u00bb Temaga sama laua taga istunud Tartu \u00fclikooli loodusressursside \u00f5ppetooli juhataja, looduskaitsebioloogia professori Asko L\u00f5hmuse s\u00f5nul sai n\u00f5ukojas rahumeelselt ja tsiviliseeritult arutada k\u00f5ige olulisemaid Eesti metsanduses lahendamist vajavaid probleeme.<\/p>\n","protected":false},"excerpt":{"rendered":"Eesti metsa- ja puidut\u00f6\u00f6stuse liidu juhatuse esimehe ametit pidav Haidla m\u00e4rkis, et erinevaid osapooli \u00fchendav metsandusn\u00f5ukoda on iseenesest&hellip;\n","protected":false},"author":2,"featured_media":264455,"comment_status":"","ping_status":"","sticky":false,"template":"","format":"standard","meta":{"footnotes":"","_share_on_mastodon":"0"},"categories":[12],"tags":[2338,57587,26,27,37,33,35,34,36,31,32,21,34475,3081,28,29,3086,10536,19,25,10087,39845,23,24,22,20,30],"class_list":["post-264454","post","type-post","status-publish","format-standard","has-post-thumbnail","category-eesti","tag-andres-sutt","tag-asko-lohmus","tag-breaking-news","tag-breakingnews","tag-ee","tag-eesti","tag-eesti-keel","tag-estonia","tag-estonian","tag-featured-news","tag-featurednews","tag-headlines","tag-jaano-haidla","tag-kliimaministeerium","tag-latest-news","tag-latestnews","tag-metsandus","tag-metsaraie","tag-news","tag-populaarseimad-lood","tag-puidutoostus","tag-raiemaht","tag-top-stories","tag-topstories","tag-uldised-uudised","tag-uudised","tag-viimased-uudised"],"share_on_mastodon":{"url":"https:\/\/pubeurope.com\/@ee\/117186586359477564","error":""},"_links":{"self":[{"href":"https:\/\/www.europesays.com\/ee\/wp-json\/wp\/v2\/posts\/264454","targetHints":{"allow":["GET"]}}],"collection":[{"href":"https:\/\/www.europesays.com\/ee\/wp-json\/wp\/v2\/posts"}],"about":[{"href":"https:\/\/www.europesays.com\/ee\/wp-json\/wp\/v2\/types\/post"}],"author":[{"embeddable":true,"href":"https:\/\/www.europesays.com\/ee\/wp-json\/wp\/v2\/users\/2"}],"replies":[{"embeddable":true,"href":"https:\/\/www.europesays.com\/ee\/wp-json\/wp\/v2\/comments?post=264454"}],"version-history":[{"count":0,"href":"https:\/\/www.europesays.com\/ee\/wp-json\/wp\/v2\/posts\/264454\/revisions"}],"wp:featuredmedia":[{"embeddable":true,"href":"https:\/\/www.europesays.com\/ee\/wp-json\/wp\/v2\/media\/264455"}],"wp:attachment":[{"href":"https:\/\/www.europesays.com\/ee\/wp-json\/wp\/v2\/media?parent=264454"}],"wp:term":[{"taxonomy":"category","embeddable":true,"href":"https:\/\/www.europesays.com\/ee\/wp-json\/wp\/v2\/categories?post=264454"},{"taxonomy":"post_tag","embeddable":true,"href":"https:\/\/www.europesays.com\/ee\/wp-json\/wp\/v2\/tags?post=264454"}],"curies":[{"name":"wp","href":"https:\/\/api.w.org\/{rel}","templated":true}]}}