{"id":264458,"date":"2026-08-30T21:40:08","date_gmt":"2026-08-30T21:40:08","guid":{"rendered":"https:\/\/www.europesays.com\/ee\/264458\/"},"modified":"2026-08-30T21:40:08","modified_gmt":"2026-08-30T21:40:08","slug":"eesti-ettevotjate-raamatupidamine-liidetakse-oktoobrist-otse-maksuametiga","status":"publish","type":"post","link":"https:\/\/www.europesays.com\/ee\/264458\/","title":{"rendered":"Eesti ettev\u00f5tjate raamatupidamine liidetakse oktoobrist otse maksuametiga"},"content":{"rendered":"<p>Maksu- ja tolliamet l\u00e4heb alates oktoobrist \u00fcle uuele andmete esitamise s\u00fcsteemile. See m\u00f5jutab ennek\u00f5ike viisi, kuidas ettev\u00f5tted oma deklaratsioone t\u00e4itma hakkavad. Lihtne v\u00f5imalus maksab raha, aga maksuameti kinnitusel j\u00e4\u00e4b ka tasuta v\u00f5imalus alles.<\/p>\n<p>Ettev\u00f5tjad, kes kasutavad m\u00f5nda sorti raamatupidamistarkvara, saavad n\u00fc\u00fcd j\u00e4rk- j\u00e4rgult \u00fcle minna uuele maksuameti aruandlusele, mis neil tulevikus eeldatavasti palju aega kokku hoida aitab.<\/p>\n","protected":false},"excerpt":{"rendered":"Maksu- ja tolliamet l\u00e4heb alates oktoobrist \u00fcle uuele andmete esitamise s\u00fcsteemile. See m\u00f5jutab ennek\u00f5ike viisi, kuidas ettev\u00f5tted oma&hellip;\n","protected":false},"author":2,"featured_media":264459,"comment_status":"","ping_status":"","sticky":false,"template":"","format":"standard","meta":{"footnotes":"","_share_on_mastodon":"0"},"categories":[5],"tags":[26,27,51782,19781,37,33,35,34,36,39693,31,32,21,102756,102757,28,29,2871,19,25,4076,102754,23,24,102755,27729,102753,22,20,46358,30,102752],"class_list":["post-264458","post","type-post","status-publish","format-standard","has-post-thumbnail","category-uldised-uudised","tag-breaking-news","tag-breakingnews","tag-deklareerimine","tag-e-mta","tag-ee","tag-eesti","tag-eesti-keel","tag-estonia","tag-estonian","tag-evea","tag-featured-news","tag-featurednews","tag-headlines","tag-kaibedeklaratsioon","tag-kmd","tag-latest-news","tag-latestnews","tag-maksu-ja-tolliamet","tag-news","tag-populaarseimad-lood","tag-tooandja","tag-tootamise-register","tag-top-stories","tag-topstories","tag-tor","tag-tsd","tag-tulumaksu-osakond","tag-uldised-uudised","tag-uudised","tag-vaikeettevotja","tag-viimased-uudised","tag-xbrl-gl"],"share_on_mastodon":{"url":"https:\/\/pubeurope.com\/@ee\/117186633502442367","error":""},"_links":{"self":[{"href":"https:\/\/www.europesays.com\/ee\/wp-json\/wp\/v2\/posts\/264458","targetHints":{"allow":["GET"]}}],"collection":[{"href":"https:\/\/www.europesays.com\/ee\/wp-json\/wp\/v2\/posts"}],"about":[{"href":"https:\/\/www.europesays.com\/ee\/wp-json\/wp\/v2\/types\/post"}],"author":[{"embeddable":true,"href":"https:\/\/www.europesays.com\/ee\/wp-json\/wp\/v2\/users\/2"}],"replies":[{"embeddable":true,"href":"https:\/\/www.europesays.com\/ee\/wp-json\/wp\/v2\/comments?post=264458"}],"version-history":[{"count":0,"href":"https:\/\/www.europesays.com\/ee\/wp-json\/wp\/v2\/posts\/264458\/revisions"}],"wp:featuredmedia":[{"embeddable":true,"href":"https:\/\/www.europesays.com\/ee\/wp-json\/wp\/v2\/media\/264459"}],"wp:attachment":[{"href":"https:\/\/www.europesays.com\/ee\/wp-json\/wp\/v2\/media?parent=264458"}],"wp:term":[{"taxonomy":"category","embeddable":true,"href":"https:\/\/www.europesays.com\/ee\/wp-json\/wp\/v2\/categories?post=264458"},{"taxonomy":"post_tag","embeddable":true,"href":"https:\/\/www.europesays.com\/ee\/wp-json\/wp\/v2\/tags?post=264458"}],"curies":[{"name":"wp","href":"https:\/\/api.w.org\/{rel}","templated":true}]}}