{"id":264462,"date":"2026-08-30T21:47:09","date_gmt":"2026-08-30T21:47:09","guid":{"rendered":"https:\/\/www.europesays.com\/ee\/264462\/"},"modified":"2026-08-30T21:47:09","modified_gmt":"2026-08-30T21:47:09","slug":"konontsuk-soome-sauna-jarel-peame-iseendas-korrektuurid-tegema-akki-oleme-muutunud-liiga-mugavaks","status":"publish","type":"post","link":"https:\/\/www.europesays.com\/ee\/264462\/","title":{"rendered":"Konont\u0161uk Soome sauna j\u00e4rel: peame iseendas korrektuurid tegema, \u00e4kki oleme muutunud liiga mugavaks?"},"content":{"rendered":"<p class=\"MsoNormal\">Eesti meeste korvpallikoondis lagunes teist MM-valiksarja m\u00e4ngu j\u00e4rjest esimeste raskuste tekkides ja kaotas Tallinnas Soomele l\u00f5puks suisa 67:96. Artur Konont\u0161uk t\u00f5des, et ses aknas oli muster m\u00f5lemas m\u00e4ngus sama.<\/p>\n<p class=\"MsoNormal\">Neljap\u00e4eval oli Eesti m\u00e4nginud v\u00f5\u00f5rsil Ungariga pikka aega v\u00f5rdselt, kuid l\u00f5puks kaotas 67:85. N\u00fc\u00fcd kaotati Soomele poolaeg 35:38, kuid kolmanda veerandiga k\u00e4rises vahe paarik\u00fcmnele silmale.<\/p>\n","protected":false},"excerpt":{"rendered":"Eesti meeste korvpallikoondis lagunes teist MM-valiksarja m\u00e4ngu j\u00e4rjest esimeste raskuste tekkides ja kaotas Tallinnas Soomele l\u00f5puks suisa 67:96.&hellip;\n","protected":false},"author":2,"featured_media":264463,"comment_status":"","ping_status":"","sticky":false,"template":"","format":"standard","meta":{"footnotes":"","_share_on_mastodon":"0"},"categories":[18],"tags":[1526,37,33,35,34,36,1517,172,1520,1513,1514,1518,1524,1515,1529,1530,1523,1519,1522,1525,1528,1527,159,158,1535,1534,1521,1532,1533,1230,1531,1516,1192],"class_list":["post-264462","post","type-post","status-publish","format-standard","has-post-thumbnail","category-sport","tag-autoralli","tag-ee","tag-eesti","tag-eesti-keel","tag-estonia","tag-estonian","tag-finaal","tag-jalgpall","tag-koondis","tag-korvpall","tag-liiga","tag-mang","tag-martin-jarveoja","tag-medal","tag-olumpia","tag-olumpiamangud","tag-ott-tanak","tag-poks","tag-postimees-sport","tag-postimees-wrc","tag-spordi-uudised","tag-spordiuudised","tag-sport","tag-sports","tag-suveolumpia","tag-suveolumpiamangud","tag-tiitel","tag-tokio","tag-tokio2020","tag-tokyo","tag-tokyo2020","tag-voistlus","tag-wrc"],"share_on_mastodon":{"url":"https:\/\/pubeurope.com\/@ee\/117186661219789802","error":""},"_links":{"self":[{"href":"https:\/\/www.europesays.com\/ee\/wp-json\/wp\/v2\/posts\/264462","targetHints":{"allow":["GET"]}}],"collection":[{"href":"https:\/\/www.europesays.com\/ee\/wp-json\/wp\/v2\/posts"}],"about":[{"href":"https:\/\/www.europesays.com\/ee\/wp-json\/wp\/v2\/types\/post"}],"author":[{"embeddable":true,"href":"https:\/\/www.europesays.com\/ee\/wp-json\/wp\/v2\/users\/2"}],"replies":[{"embeddable":true,"href":"https:\/\/www.europesays.com\/ee\/wp-json\/wp\/v2\/comments?post=264462"}],"version-history":[{"count":0,"href":"https:\/\/www.europesays.com\/ee\/wp-json\/wp\/v2\/posts\/264462\/revisions"}],"wp:featuredmedia":[{"embeddable":true,"href":"https:\/\/www.europesays.com\/ee\/wp-json\/wp\/v2\/media\/264463"}],"wp:attachment":[{"href":"https:\/\/www.europesays.com\/ee\/wp-json\/wp\/v2\/media?parent=264462"}],"wp:term":[{"taxonomy":"category","embeddable":true,"href":"https:\/\/www.europesays.com\/ee\/wp-json\/wp\/v2\/categories?post=264462"},{"taxonomy":"post_tag","embeddable":true,"href":"https:\/\/www.europesays.com\/ee\/wp-json\/wp\/v2\/tags?post=264462"}],"curies":[{"name":"wp","href":"https:\/\/api.w.org\/{rel}","templated":true}]}}