{"id":264464,"date":"2026-08-30T21:58:11","date_gmt":"2026-08-30T21:58:11","guid":{"rendered":"https:\/\/www.europesays.com\/ee\/264464\/"},"modified":"2026-08-30T21:58:11","modified_gmt":"2026-08-30T21:58:11","slug":"analuus-me-raagime-jalle-oppimisest-peaks-olema-opitud-millal-saavad-eesti-korvpallikoondise-ambrid-kolistatud-postimees-sport","status":"publish","type":"post","link":"https:\/\/www.europesays.com\/ee\/264464\/","title":{"rendered":"ANAL\u00dc\u00dcS \u00abMe r\u00e4\u00e4gime j\u00e4lle \u00f5ppimisest \u2013 peaks olema \u00f5pitud!\u00bb Millal saavad Eesti korvpallikoondise \u00e4mbrid kolistatud? &#8211; Postimees Sport"},"content":{"rendered":"<ol>\n<li><a href=\"https:\/\/news.google.com\/rss\/articles\/CBMi3gFBVV95cUxPMHF5eS16eUxxLUdWdzNrWmM4UU5VbGNrRG9teGktTnhtMEVoNXBjb1dKN1FfWHVreTkxWnZkaHJqRXBxaUFyc3Znck1qRnlLUVl1eEJpN3Y2a3EtZ3BablJ6S1hpeENqTjk2VE95bkVOMUU4bzZhNG5qcVl4cXI0aU1ZWDVDdVZPWkRRWlMyNDhsYldtWHZrejh0cFc1U2FEZWQ2TER5bTRhbFB1alhDSDlrcFNUeUVES2ZWMHpqd1JQVnRCeUN1TFVQY1ZRSFRuZWJRcURsSjJON1N2bFE?oc=5\" target=\"_blank\" rel=\"nofollow noopener\">ANAL\u00dc\u00dcS \u00abMe r\u00e4\u00e4gime j\u00e4lle \u00f5ppimisest \u2013 peaks olema \u00f5pitud!\u00bb Millal saavad Eesti korvpallikoondise \u00e4mbrid kolistatud?<\/a>&nbsp;&nbsp;Postimees Sport<\/li>\n<li><a href=\"https:\/\/news.google.com\/rss\/articles\/CBMixwFBVV95cUxPUl91TE5KVGJnVnp0czVmS1o3b3dQMkdMc2dSNm9JWTNRa29mbWFMYXhUS195VXQxTXdReWRSY2NZOG90aTZDcUlnMWVsWXA3Mzc4c0RXNTU5al9TUTBRZVktZjQ5LWtrdF9oYUJ3bGVBbDFtcE54SFVWcjFfS0VmcGxJNE1CYUVvZmJJN2U5bFZvLUNIeGItMXNvSGF4S0U2a1pFUHVIV0FVaTNUanBQal9TRkNwTEpGMWw2ZnNOODE1elBnQXE0?oc=5\" target=\"_blank\" rel=\"nofollow noopener\">BLOGI JA FOTOD | Eesti korvpallikoondis lagunes t\u00e4ielikult, MM-i pilet j\u00e4\u00e4b aina kaugemale<\/a>&nbsp;&nbsp;Delfi Sport<\/li>\n<li><a href=\"https:\/\/news.google.com\/rss\/articles\/CBMiyAFBVV95cUxPZXlHbk9BNFJodEtwc1Z1azBXcVk1N1AxWGhMV1FxNTQzSVJTRk9ua2xPNmphSjFTUjR6S2MyeTFyUC1QOUI1OUxXOGJpc3lwZDdRR1hKeUxudEh2cFF2MDJsQTVFTFNNMV82RjFnRnoyaW1TTm5ZMGRCMXVKdmQ2UEtIeXdXclVaZE1GTXd3eU9BTzhZakV6SG85Rnc3QTdPSkhvNGxpZnZNTVh6aEZJQjEwZkhTNzJWQk9KeDRHREp3dl9EaXowbw?oc=5\" target=\"_blank\" rel=\"nofollow noopener\">KOGU T\u00d5DE M\u00c4NGUST | Eesti tegi suurep\u00e4rased 15 minutit, aga siis tuli 1:18 ja j\u00e4rjekordne kollaps<\/a>&nbsp;&nbsp;Delfi Sport<\/li>\n<li><a href=\"https:\/\/news.google.com\/rss\/articles\/CBMiqwFBVV95cUxPSjNkemx5V3pBZi1ueXhxdDREUGFqeXRQMHdJb2dWUVNpN2lXd1lSUWZibjVWMUF2aEFFU3RmWUp4aU0tWWthUGMxZlpiUUlRdkJYb0FELVdzQTRxYXN5ZHlLcTBUeFg5VWVNbVI0UjR2YVFqYWo3RmxtYmNPZlZJbWpYeWZhQUpJQTNPenlGckM0eDd3b3lPek1aV3p3Nm55aDhhbV9MUHN5czQ?oc=5\" target=\"_blank\" rel=\"nofollow noopener\">Peatreener Rannula: paberil potentsiaali on, aga v\u00e4ljakul v\u00f5istkonda mitte<\/a>&nbsp;&nbsp;Postimees Sport<\/li>\n<li><a href=\"https:\/\/news.google.com\/rss\/articles\/CBMilgFBVV95cUxPZXVqQURWWjdyWEl5MmNmZ01tcUE1MWNqNVhSRUMxam85STIzWjhxek4yUFFwUnJCTk5hZVdkNVhzQjRQUE45eTVrand6enZucG1YaGVpNUxUbjV0Z21DeWNTM21lYjAwSFNZYjNWV2M5Rk1IWXJwT3dtajlWM01OZFUyVlBraUxCQTlxcm04XzAyODNhMGc?oc=5\" target=\"_blank\" rel=\"nofollow noopener\">Eesti korvpallikoondis sai kodusaalis Soomelt kindlalt l\u00fc\u00fca<\/a>&nbsp;&nbsp;sport | ERR<\/li>\n<\/ol>\n","protected":false},"excerpt":{"rendered":"ANAL\u00dc\u00dcS \u00abMe r\u00e4\u00e4gime j\u00e4lle \u00f5ppimisest \u2013 peaks olema \u00f5pitud!\u00bb Millal saavad Eesti korvpallikoondise \u00e4mbrid kolistatud?&nbsp;&nbsp;Postimees Sport BLOGI JA&hellip;\n","protected":false},"author":2,"featured_media":264465,"comment_status":"","ping_status":"","sticky":false,"template":"","format":"standard","meta":{"footnotes":"","_share_on_mastodon":"0"},"categories":[18],"tags":[1526,37,33,35,34,36,1517,172,1520,1513,1514,1518,1524,1515,1529,1530,1523,1519,1522,1525,1528,1527,159,158,1535,1534,1521,1532,1533,1230,1531,1516,1192],"class_list":["post-264464","post","type-post","status-publish","format-standard","has-post-thumbnail","category-sport","tag-autoralli","tag-ee","tag-eesti","tag-eesti-keel","tag-estonia","tag-estonian","tag-finaal","tag-jalgpall","tag-koondis","tag-korvpall","tag-liiga","tag-mang","tag-martin-jarveoja","tag-medal","tag-olumpia","tag-olumpiamangud","tag-ott-tanak","tag-poks","tag-postimees-sport","tag-postimees-wrc","tag-spordi-uudised","tag-spordiuudised","tag-sport","tag-sports","tag-suveolumpia","tag-suveolumpiamangud","tag-tiitel","tag-tokio","tag-tokio2020","tag-tokyo","tag-tokyo2020","tag-voistlus","tag-wrc"],"share_on_mastodon":{"url":"https:\/\/pubeurope.com\/@ee\/117186704385687091","error":""},"_links":{"self":[{"href":"https:\/\/www.europesays.com\/ee\/wp-json\/wp\/v2\/posts\/264464","targetHints":{"allow":["GET"]}}],"collection":[{"href":"https:\/\/www.europesays.com\/ee\/wp-json\/wp\/v2\/posts"}],"about":[{"href":"https:\/\/www.europesays.com\/ee\/wp-json\/wp\/v2\/types\/post"}],"author":[{"embeddable":true,"href":"https:\/\/www.europesays.com\/ee\/wp-json\/wp\/v2\/users\/2"}],"replies":[{"embeddable":true,"href":"https:\/\/www.europesays.com\/ee\/wp-json\/wp\/v2\/comments?post=264464"}],"version-history":[{"count":0,"href":"https:\/\/www.europesays.com\/ee\/wp-json\/wp\/v2\/posts\/264464\/revisions"}],"wp:featuredmedia":[{"embeddable":true,"href":"https:\/\/www.europesays.com\/ee\/wp-json\/wp\/v2\/media\/264465"}],"wp:attachment":[{"href":"https:\/\/www.europesays.com\/ee\/wp-json\/wp\/v2\/media?parent=264464"}],"wp:term":[{"taxonomy":"category","embeddable":true,"href":"https:\/\/www.europesays.com\/ee\/wp-json\/wp\/v2\/categories?post=264464"},{"taxonomy":"post_tag","embeddable":true,"href":"https:\/\/www.europesays.com\/ee\/wp-json\/wp\/v2\/tags?post=264464"}],"curies":[{"name":"wp","href":"https:\/\/api.w.org\/{rel}","templated":true}]}}