{"id":264474,"date":"2026-08-30T22:57:16","date_gmt":"2026-08-30T22:57:16","guid":{"rendered":"https:\/\/www.europesays.com\/ee\/264474\/"},"modified":"2026-08-30T22:57:16","modified_gmt":"2026-08-30T22:57:16","slug":"paide-pooras-flora-vastu-kaotusseisu-voiduks-levadia-voitis-kaljut-uleminutite-varavaga","status":"publish","type":"post","link":"https:\/\/www.europesays.com\/ee\/264474\/","title":{"rendered":"Paide p\u00f6\u00f6ras Flora vastu kaotusseisu v\u00f5iduks, Levadia v\u00f5itis Kaljut \u00fcleminutite v\u00e4ravaga"},"content":{"rendered":"<p>A. Le Coq Arenal haaras Flora juhtohjad teise poolaja alguses. 49. minutil realiseeris Sergei Zenjovi s\u00f6\u00f6du Sander Alamaa, viies kodumeeskonna 1:0 ette.<\/p>\n<p>Paide ei andnud aga alla ning leidis m\u00e4ngu l\u00f5pus vajalikud v\u00e4ravad. 86. minutil taastas tasakaalu Dawda Darboe, kes j\u00f5udis v\u00e4ravani Modou Sohna s\u00f6\u00f6du abil. Viimase s\u00f5na \u00fctles Paide 90. minutil, kui k\u00fclaliste v\u00f5iduv\u00e4rava l\u00f5i Martin Miller ning vormistas 2:1 tagasituleku.<\/p>\n<p>Veelgi hiljem selgus m\u00e4ngu l\u00f5pplahendus N\u00f5mme Kalju ja Levadia vastasseisus. Kalju asus 38. minutil Enrique Esono tabamusest juhtima ning suurendas edu esimese poolaja teisel \u00fcleminutil, kui Nikita Ivanov realiseeris Esono s\u00f6\u00f6du.<\/p>\n<p>Levadia vastas teisel poolajal kiiresti. 50. minutil l\u00f5i Wendell Mark Oliver Roosnupi s\u00f6\u00f6du j\u00e4rel \u00fche v\u00e4rava tagasi ning 58. minutil viigistas Joao Pedro Joseph Saliste resultatiivse s\u00f6\u00f6du j\u00e4rel seisu.<\/p>\n<p>Kui kohtumine n\u00e4is l\u00f5ppevat viigiga, l\u00f5i Levadia 90+2. minutil v\u00f5iduv\u00e4rava. Mollo Bessala s\u00f6\u00f6du realiseeris Enock Kofi Otoo, kes t\u00f5i k\u00fclalistele 3:2 v\u00f5idu.<\/p>\n<p> \u201eEsimene poolaeg olime tublid ja v\u00f5itlesime h\u00e4sti ja leidsime jooksud \u00fcles. Kasutasime enda olukorrad \u00e4ra. L\u00e4ksime riietusruumi hea tundega. Eks peab t\u00e4pselt vaatama, kuidas need v\u00e4ravad Levadial tulid. Ise magasime ka maha ja peame need olukorrad \u00fcle vaatama,\u201c v\u00f5ttis m\u00e4ngu <a rel=\"noopener nofollow\" target=\"_blank\" href=\"https:\/\/www.delfi.ee\/teema\/96936526\/soccernet\" tag-id=\"96936526\">Soccerneti<\/a> eetris kokku Kalju r\u00fcndaja Mattias M\u00e4nnilaan.<\/p>\n<p>Levadia keskkaitsja Rasmus Peetson esimese poolajaga rahule ei j\u00e4\u00e4nud, aga teisel poolajal muudeti l\u00e4henemist, mis t\u00f5i neile ka edu. \u201eAlguses sai vastane sai liiga lihtsalt \u00fcks \u00fche vastu m\u00e4ngida. J\u00e4ime natukene \u00fcksluiseks, aga teine poolaeg muutsime l\u00e4henemist ja nad olid kindlasti ka passiivsemad. S\u00f5num oli rahulikult ja kannatlikult tegutseda ja tuligi \u00e4ra.\u201c<\/p>\n<p>P\u00e4rast 25. vooru juhib Premium liigat endiselt Levadia, kes on kogunud 24 m\u00e4nguga 59 punkti. N\u00f5mme Kalju hoiab 44 punktiga teist kohta, Paide ja Flora j\u00e4rgnevad vastavalt kolmandal ja neljandal positsioonil, m\u00f5lemal on kirjas 42 punkti.<\/p>\n<p>Kuidas see lugu Sind end tundma pani?Saada<a href=\"https:\/\/sport.delfi.ee\/artikkel\/120607113\/paide-pooras-flora-vastu-kaotusseisu-voiduks-levadia-voitis-kaljut-uleminutite-varavaga\/kommentaarid\" class=\"button button--primary button--size-auto article-body-bottom__comment article-body-bottom__comment--write\" style=\"\" rel=\"nofollow noopener\" target=\"_blank\">Kommenteeri<\/a><a href=\"https:\/\/sport.delfi.ee\/artikkel\/120607113\/paide-pooras-flora-vastu-kaotusseisu-voiduks-levadia-voitis-kaljut-uleminutite-varavaga\/kommentaarid\" class=\"button button--size-auto article-body-bottom__comment article-body-bottom__comment--read\" style=\"\" rel=\"nofollow noopener\" target=\"_blank\">Loe kommentaare (6)<\/a><\/p>\n","protected":false},"excerpt":{"rendered":"A. Le Coq Arenal haaras Flora juhtohjad teise poolaja alguses. 49. minutil realiseeris Sergei Zenjovi s\u00f6\u00f6du Sander Alamaa,&hellip;\n","protected":false},"author":2,"featured_media":264475,"comment_status":"","ping_status":"","sticky":false,"template":"","format":"standard","meta":{"footnotes":"","_share_on_mastodon":"0"},"categories":[5],"tags":[26,27,37,33,35,34,36,161,31,32,21,28,29,19,1359,501,25,167,2471,1549,23,24,22,20,30],"class_list":["post-264474","post","type-post","status-publish","format-standard","has-post-thumbnail","category-uldised-uudised","tag-breaking-news","tag-breakingnews","tag-ee","tag-eesti","tag-eesti-keel","tag-estonia","tag-estonian","tag-fc-flora","tag-featured-news","tag-featurednews","tag-headlines","tag-latest-news","tag-latestnews","tag-news","tag-nomme-kalju","tag-paide-linnameeskond","tag-populaarseimad-lood","tag-premium-liiga","tag-soccernet","tag-tallinna-fci-levadia","tag-top-stories","tag-topstories","tag-uldised-uudised","tag-uudised","tag-viimased-uudised"],"share_on_mastodon":{"url":"https:\/\/pubeurope.com\/@ee\/117186936409978645","error":""},"_links":{"self":[{"href":"https:\/\/www.europesays.com\/ee\/wp-json\/wp\/v2\/posts\/264474","targetHints":{"allow":["GET"]}}],"collection":[{"href":"https:\/\/www.europesays.com\/ee\/wp-json\/wp\/v2\/posts"}],"about":[{"href":"https:\/\/www.europesays.com\/ee\/wp-json\/wp\/v2\/types\/post"}],"author":[{"embeddable":true,"href":"https:\/\/www.europesays.com\/ee\/wp-json\/wp\/v2\/users\/2"}],"replies":[{"embeddable":true,"href":"https:\/\/www.europesays.com\/ee\/wp-json\/wp\/v2\/comments?post=264474"}],"version-history":[{"count":0,"href":"https:\/\/www.europesays.com\/ee\/wp-json\/wp\/v2\/posts\/264474\/revisions"}],"wp:featuredmedia":[{"embeddable":true,"href":"https:\/\/www.europesays.com\/ee\/wp-json\/wp\/v2\/media\/264475"}],"wp:attachment":[{"href":"https:\/\/www.europesays.com\/ee\/wp-json\/wp\/v2\/media?parent=264474"}],"wp:term":[{"taxonomy":"category","embeddable":true,"href":"https:\/\/www.europesays.com\/ee\/wp-json\/wp\/v2\/categories?post=264474"},{"taxonomy":"post_tag","embeddable":true,"href":"https:\/\/www.europesays.com\/ee\/wp-json\/wp\/v2\/tags?post=264474"}],"curies":[{"name":"wp","href":"https:\/\/api.w.org\/{rel}","templated":true}]}}