{"id":264476,"date":"2026-08-30T23:06:18","date_gmt":"2026-08-30T23:06:18","guid":{"rendered":"https:\/\/www.europesays.com\/ee\/264476\/"},"modified":"2026-08-30T23:06:18","modified_gmt":"2026-08-30T23:06:18","slug":"kas-natsid-oleksid-jatkuvalt-voimul-%e2%9f%a9-ilm-oleks-voinud-1944-aastal-ii-maailmasoja-voiduplaanid-taielikult-tuksi-keerata","status":"publish","type":"post","link":"https:\/\/www.europesays.com\/ee\/264476\/","title":{"rendered":"KAS NATSID OLEKSID J\u00c4TKUVALT V\u00d5IMUL? \u27e9 Ilm oleks v\u00f5inud 1944. aastal II maailmas\u00f5ja v\u00f5iduplaanid t\u00e4ielikult tuksi keerata"},"content":{"rendered":"<p>Kolm eraldi meteoroloogide meeskonda t\u00f6\u00f6tasid salaja k\u00f5rgete panustega ilmaprognooside kallal, mis olid vajalikud liitlasv\u00e4gede Normandia dessandiks Teise maailmas\u00f5ja ajal. 1944. aasta tihedad tormifrondid j\u00e4tsid neile aga v\u00e4he v\u00f5imalusi: j\u00e4i alles vaid neli v\u00f5imalikku kuup\u00e4eva, mis olid ideaalsest v\u00e4ga kaugel. Maist juulini oli parim v\u00f5imalik variant 13:1 edu t\u00f5en\u00e4osus.<\/p>\n","protected":false},"excerpt":{"rendered":"Kolm eraldi meteoroloogide meeskonda t\u00f6\u00f6tasid salaja k\u00f5rgete panustega ilmaprognooside kallal, mis olid vajalikud liitlasv\u00e4gede Normandia dessandiks Teise maailmas\u00f5ja&hellip;\n","protected":false},"author":2,"featured_media":264477,"comment_status":"","ping_status":"","sticky":false,"template":"","format":"standard","meta":{"footnotes":"","_share_on_mastodon":"0"},"categories":[80],"tags":[26,27,94370,37,33,35,34,36,31,32,21,10852,28,29,95,45933,19,102759,25,1116,102,23,24,22,20,30,92,93,94],"class_list":["post-264476","post","type-post","status-publish","format-standard","has-post-thumbnail","category-maailm","tag-breaking-news","tag-breakingnews","tag-d-paev","tag-ee","tag-eesti","tag-eesti-keel","tag-estonia","tag-estonian","tag-featured-news","tag-featurednews","tag-headlines","tag-ilmaprognoos","tag-latest-news","tag-latestnews","tag-maailm","tag-meteoroloogia","tag-news","tag-normandia-dessant","tag-populaarseimad-lood","tag-satelliidipilt","tag-teine-maailmasoda","tag-top-stories","tag-topstories","tag-uldised-uudised","tag-uudised","tag-viimased-uudised","tag-world","tag-world-news","tag-worldnews"],"share_on_mastodon":{"url":"https:\/\/pubeurope.com\/@ee\/117186971674027074","error":""},"_links":{"self":[{"href":"https:\/\/www.europesays.com\/ee\/wp-json\/wp\/v2\/posts\/264476","targetHints":{"allow":["GET"]}}],"collection":[{"href":"https:\/\/www.europesays.com\/ee\/wp-json\/wp\/v2\/posts"}],"about":[{"href":"https:\/\/www.europesays.com\/ee\/wp-json\/wp\/v2\/types\/post"}],"author":[{"embeddable":true,"href":"https:\/\/www.europesays.com\/ee\/wp-json\/wp\/v2\/users\/2"}],"replies":[{"embeddable":true,"href":"https:\/\/www.europesays.com\/ee\/wp-json\/wp\/v2\/comments?post=264476"}],"version-history":[{"count":0,"href":"https:\/\/www.europesays.com\/ee\/wp-json\/wp\/v2\/posts\/264476\/revisions"}],"wp:featuredmedia":[{"embeddable":true,"href":"https:\/\/www.europesays.com\/ee\/wp-json\/wp\/v2\/media\/264477"}],"wp:attachment":[{"href":"https:\/\/www.europesays.com\/ee\/wp-json\/wp\/v2\/media?parent=264476"}],"wp:term":[{"taxonomy":"category","embeddable":true,"href":"https:\/\/www.europesays.com\/ee\/wp-json\/wp\/v2\/categories?post=264476"},{"taxonomy":"post_tag","embeddable":true,"href":"https:\/\/www.europesays.com\/ee\/wp-json\/wp\/v2\/tags?post=264476"}],"curies":[{"name":"wp","href":"https:\/\/api.w.org\/{rel}","templated":true}]}}