{"id":264482,"date":"2026-08-30T23:17:39","date_gmt":"2026-08-30T23:17:39","guid":{"rendered":"https:\/\/www.europesays.com\/ee\/264482\/"},"modified":"2026-08-30T23:17:39","modified_gmt":"2026-08-30T23:17:39","slug":"kaubandussoda-ageneb-trump-ahvardab-kehtestada-kanada-autodele-ja-terasele-50-tollimaksu-2","status":"publish","type":"post","link":"https:\/\/www.europesays.com\/ee\/264482\/","title":{"rendered":"Kaubanduss\u00f5da \u00e4geneb: Trump \u00e4hvardab kehtestada Kanada autodele ja terasele 50% tollimaksu"},"content":{"rendered":"<p>Trumpi s\u00f5nav\u00f5tt on vastus Kanada peaministri Mark Carney lubadusele USA tollipoliitikale vastu astuda.<\/p>\n<p>Pooled pidasid eelmisel n\u00e4dalal k\u00f5nelusi, et leida lahendus varem kehtestatud 50-protsendilisele <a rel=\"noopener nofollow\" target=\"_blank\" href=\"https:\/\/www.delfi.ee\/teema\/22971743\/usa\" tag-id=\"22971743\">USA<\/a> tariifile mitmele Kanada kaubale, kuid l\u00e4bir\u00e4\u00e4kimised kukkusid reedel l\u00e4bi. <\/p>\n<p>See viis uute <a rel=\"noopener nofollow\" target=\"_blank\" href=\"https:\/\/www.delfi.ee\/teema\/96871057\/tollimaksud\" tag-id=\"96871057\">tollimaksude<\/a> kehtestamiseni umbes 20 miljardi dollari v\u00e4\u00e4rtuses Kanada kaupadele. M\u00f5lemad osapooled on l\u00e4bir\u00e4\u00e4kimiste nurjumises teineteist s\u00fc\u00fcdistanud, viidates teise poole lubamatutele viimase hetke n\u00f5udmistele.<\/p>\n<p>Kanada peaminister Mark Carney teatas laup\u00e4eval, et Kanada vastab USA sammule 8. septembril vastumeetmetega, kehtestades dollar-dollarilt samav\u00e4\u00e4rsed tollimaksud USA terasele, piimatoodetele, kodumasinatele, p\u00f5llumajandustehnikale, tselluloosi- ja paberit\u00f6\u00f6stuse toodetele ning elektroonikale.<\/p>\n<p>Trump vastas sellele sotsiaalmeedias, kinnitades, et USA kruvib panuseid veelgi.<\/p>\n<p>\u201eAlates 1. jaanuarist 2027 t\u00f5stetakse k\u00f5igi s\u00f5iduautode, veoautode, autoosade ja terase tollimaksud 50 protsendile,\u201c kirjutas ta Truth Socialis. \u201eEhitage USA-s ja teile kehtivad nulltariifid. Kanadat ei kohelda enam nagu osariiki!\u201c<\/p>\n<p>Carney on viimaseid USA tariife nimetanud otseseks r\u00fcnnakuks.<\/p>\n<p>\u201eSee on s\u00f5jaakt,\u201c lausus ta Ottawa parlamendim\u00e4el prantsuse keeles. \u201eSee ei ole m\u00f5istlik tee. Me soovime kahe riigi vahel laiaulatuslikku kokkulepet.\u201c <\/p>\n<p>Trumpi otsus p\u00e4lvis kriitikat ka tema oma partei ridadest. Maine\u2019i vabariiklasest senaator Susan Collins nimetas presidendi sammu veaks, lisades, et kohtus hiljuti Kanada suursaadikuga ja kutsus \u00fcles keskenduma piimatoodete kaubandust\u00f5ketele.<\/p>\n<p>\u201eMe toodame palju asju: mustikaid, kartuleid, homaari, saematerjali, mida t\u00f6\u00f6deldakse \u00fcle piiri,\u201c \u00fctles Collins esmasp\u00e4eval Maine\u2019is toimuval paraadil ajakirjanikele. \u201eKui sellele kehtestatakse tohutu, kuni 50-protsendiline tariif, t\u00f5usevad k\u00fctuse-, elamu- ja \u00e4rikulud k\u00f5igil, kes meie tuntud toodetega tegelevad.\u201c<\/p>\n<p>Kuidas see lugu Sind end tundma pani?Saada<a href=\"https:\/\/www.delfi.ee\/artikkel\/120605783\/tollid-kahekordistuvad-trump-ahvardas-kehtestada-kanada-autodele-ja-terasele-50-protsendilised-tariifid\/kommentaarid\" class=\"button button--primary button--size-auto article-body-bottom__comment article-body-bottom__comment--write\" style=\"\" rel=\"nofollow noopener\" target=\"_blank\">Kommenteeri<\/a><a href=\"https:\/\/www.delfi.ee\/artikkel\/120605783\/tollid-kahekordistuvad-trump-ahvardas-kehtestada-kanada-autodele-ja-terasele-50-protsendilised-tariifid\/kommentaarid\" class=\"button button--size-auto article-body-bottom__comment article-body-bottom__comment--read\" style=\"\" rel=\"nofollow noopener\" target=\"_blank\">Loe kommentaare (44)<\/a><\/p>\n","protected":false},"excerpt":{"rendered":"Trumpi s\u00f5nav\u00f5tt on vastus Kanada peaministri Mark Carney lubadusele USA tollipoliitikale vastu astuda. Pooled pidasid eelmisel n\u00e4dalal k\u00f5nelusi,&hellip;\n","protected":false},"author":2,"featured_media":264483,"comment_status":"","ping_status":"","sticky":false,"template":"","format":"standard","meta":{"footnotes":"","_share_on_mastodon":"0"},"categories":[80],"tags":[2135,26,27,324,37,33,35,34,36,31,32,21,1554,13651,28,29,95,19,25,4502,23,24,22,325,20,30,92,93,94],"class_list":["post-264482","post","type-post","status-publish","format-standard","has-post-thumbnail","category-maailm","tag-autotoostus","tag-breaking-news","tag-breakingnews","tag-donald-trump","tag-ee","tag-eesti","tag-eesti-keel","tag-estonia","tag-estonian","tag-featured-news","tag-featurednews","tag-headlines","tag-kanada","tag-kaubandussoda","tag-latest-news","tag-latestnews","tag-maailm","tag-news","tag-populaarseimad-lood","tag-tollimaksud","tag-top-stories","tag-topstories","tag-uldised-uudised","tag-usa","tag-uudised","tag-viimased-uudised","tag-world","tag-world-news","tag-worldnews"],"share_on_mastodon":{"url":"https:\/\/pubeurope.com\/@ee\/117187015174791743","error":""},"_links":{"self":[{"href":"https:\/\/www.europesays.com\/ee\/wp-json\/wp\/v2\/posts\/264482","targetHints":{"allow":["GET"]}}],"collection":[{"href":"https:\/\/www.europesays.com\/ee\/wp-json\/wp\/v2\/posts"}],"about":[{"href":"https:\/\/www.europesays.com\/ee\/wp-json\/wp\/v2\/types\/post"}],"author":[{"embeddable":true,"href":"https:\/\/www.europesays.com\/ee\/wp-json\/wp\/v2\/users\/2"}],"replies":[{"embeddable":true,"href":"https:\/\/www.europesays.com\/ee\/wp-json\/wp\/v2\/comments?post=264482"}],"version-history":[{"count":0,"href":"https:\/\/www.europesays.com\/ee\/wp-json\/wp\/v2\/posts\/264482\/revisions"}],"wp:featuredmedia":[{"embeddable":true,"href":"https:\/\/www.europesays.com\/ee\/wp-json\/wp\/v2\/media\/264483"}],"wp:attachment":[{"href":"https:\/\/www.europesays.com\/ee\/wp-json\/wp\/v2\/media?parent=264482"}],"wp:term":[{"taxonomy":"category","embeddable":true,"href":"https:\/\/www.europesays.com\/ee\/wp-json\/wp\/v2\/categories?post=264482"},{"taxonomy":"post_tag","embeddable":true,"href":"https:\/\/www.europesays.com\/ee\/wp-json\/wp\/v2\/tags?post=264482"}],"curies":[{"name":"wp","href":"https:\/\/api.w.org\/{rel}","templated":true}]}}