{"id":264488,"date":"2026-08-31T01:16:24","date_gmt":"2026-08-31T01:16:24","guid":{"rendered":"https:\/\/www.europesays.com\/ee\/264488\/"},"modified":"2026-08-31T01:16:24","modified_gmt":"2026-08-31T01:16:24","slug":"luup-peale-paide-pink-mangis-kokkuklopsitud-flora-kaitseliini-ule-galerii-soccernet-ee","status":"publish","type":"post","link":"https:\/\/www.europesays.com\/ee\/264488\/","title":{"rendered":"Luup peale | Paide pink m\u00e4ngis kokkuklopsitud Flora kaitseliini \u00fcle (galerii!) &#8211; Soccernet.ee"},"content":{"rendered":"<ol>\n<li><a href=\"https:\/\/news.google.com\/rss\/articles\/CBMirAFBVV95cUxPaXdDUFVJVi03ZHkyYWFKMk9kODhhelJzaGVGTDZ6eUwtLVVEQTVoeW1pV2lRQTBqU2tpSXNBRkRQSWlIY0dzRW1ULWF6ODh2NGhLM2lHS1lYNmxHLWV4UVYyZTJpUUJ4bXduQlVxMG1heVVkTmxOTGExTlJnWFU0bHEzdWJzendzTmRYYW5mZlRkZEpmUFJWV3VZLVJySDE3MW9qSW5uSDl6bld1?oc=5\" target=\"_blank\" rel=\"nofollow noopener\">Luup peale | Paide pink m\u00e4ngis kokkuklopsitud Flora kaitseliini \u00fcle (galerii!)<\/a>&nbsp;&nbsp;Soccernet.ee<\/li>\n<li><a href=\"https:\/\/news.google.com\/rss\/articles\/CBMiyAFBVV95cUxQeGJjMHc0X1RrYTJuTTFZbVVwajk4TXZCWXd5ellVUXBaa2FiY3NKSFZwcTk0YzZVci1WZ3N1c2k4eTFuQU1waWdVTjZoTU5PaDU3TUhiRU5wanVHa1BqOEZONkJkc2pMWnRmNUFHU29EVjJUMWpJYU5MRk92dVdSbzQ5OVRySlBGQ3Y0aFVHS2Q1aFg0cU9fTlp6M2xuZzRNSDlTT0Zmay1mbG1KOWRVcW16Qll1bkcwNmRQUUhuVmJ0elRyZjR6dg?oc=5\" target=\"_blank\" rel=\"nofollow noopener\">Paide p\u00f6\u00f6ras Flora vastu kaotusseisu v\u00f5iduks, Levadia v\u00f5itis Kaljut \u00fcleminutite v\u00e4ravaga<\/a>&nbsp;&nbsp;Delfi Sport<\/li>\n<li><a href=\"https:\/\/news.google.com\/rss\/articles\/CBMijgFBVV95cUxQd05ndGlZM3Z1OFJ4Mm5Jc3NfQ3NuUnVFeER4aTdNakd1cW1vWV91ZzdPbFluZGtJVWp1eFhtQjlObzAxSnpXeFlheXh4NDByc1RjcTh5VnoxTmhYMVMwbDdnVHlBOXlsSjNZRG9UalpLSE84Q1JhOGw3cldDb2JqOEpsYjlaUVNzVDFfQ2ZR?oc=5\" target=\"_blank\" rel=\"nofollow noopener\">LOE J\u00c4RELE: Paide p\u00f6\u00f6ras kaotusseisu Flora vastu v\u00f5iduks<\/a>&nbsp;&nbsp;Soccernet.ee<\/li>\n<li><a href=\"https:\/\/news.google.com\/rss\/articles\/CBMilAFBVV95cUxQTG1ESXEzek1vQWF3UTBmVlNZZkp0cEZKNGpMUkYteW5DWE1BSE9SMFNMR2l2eWdma25JYzUxMUh5YmZPVFhQSmlwOVJSMjRlZXVZTS1NLU9oTzNrTGx4SEFoUTFMbEU2b3ZMTnZUenlvQVBQeERIaTh1RldFd2Vzcm95TUNLZng1TnJPLWs2LVFXbV9P?oc=5\" target=\"_blank\" rel=\"nofollow noopener\">M\u00f6\u00f6l: m\u00e4ng ei olnud halb meie poolt, aga jalgpall on v\u00e4ga karm<\/a>&nbsp;&nbsp;Soccernet.ee<\/li>\n<li><a href=\"https:\/\/news.google.com\/rss\/articles\/CBMiqAFBVV95cUxOZjg1Y2lrQzdGRnZkTXJTeGVIdTd6TUJ0OUhGb3Rnd3JSWUZDaWUwYmczcTVsZnVJTTRxNW9XdXNIbHNpZTg5NHlRMWo4aTFhdlBoejF6THZUa05ZTlBKLVVoeHFXUW9McG9kZDVmRHZwUnZWXzRqRFBwTERVOGFHTnJjOVA5M003b3RSM0FxaVVaV1dQVnI5LWM1MFdPRDFYUk5FTVMtYUQ?oc=5\" target=\"_blank\" rel=\"nofollow noopener\">Kink: meil oli esimesel poolajal p\u00e4ris palju v\u00f5imalusi, et m\u00e4ng \u00e4ra otsustada<\/a>&nbsp;&nbsp;Soccernet.ee<\/li>\n<\/ol>\n","protected":false},"excerpt":{"rendered":"Luup peale | Paide pink m\u00e4ngis kokkuklopsitud Flora kaitseliini \u00fcle (galerii!)&nbsp;&nbsp;Soccernet.ee Paide p\u00f6\u00f6ras Flora vastu kaotusseisu v\u00f5iduks, Levadia&hellip;\n","protected":false},"author":2,"featured_media":264489,"comment_status":"","ping_status":"","sticky":false,"template":"","format":"standard","meta":{"footnotes":"","_share_on_mastodon":"0"},"categories":[18],"tags":[5703,100465,100466,37,33,35,34,36,161,163,4727,837,4730,907,501,167,42710,159,158],"class_list":["post-264488","post","type-post","status-publish","format-standard","has-post-thumbnail","category-sport","tag-alamaa","tag-darboe","tag-dawda-darboe","tag-ee","tag-eesti","tag-eesti-keel","tag-estonia","tag-estonian","tag-fc-flora","tag-flora","tag-martin-miller","tag-meistriliiga","tag-miller","tag-paide","tag-paide-linnameeskond","tag-premium-liiga","tag-sander-alamaa","tag-sport","tag-sports"],"share_on_mastodon":{"url":"https:\/\/pubeurope.com\/@ee\/117187483195529966","error":""},"_links":{"self":[{"href":"https:\/\/www.europesays.com\/ee\/wp-json\/wp\/v2\/posts\/264488","targetHints":{"allow":["GET"]}}],"collection":[{"href":"https:\/\/www.europesays.com\/ee\/wp-json\/wp\/v2\/posts"}],"about":[{"href":"https:\/\/www.europesays.com\/ee\/wp-json\/wp\/v2\/types\/post"}],"author":[{"embeddable":true,"href":"https:\/\/www.europesays.com\/ee\/wp-json\/wp\/v2\/users\/2"}],"replies":[{"embeddable":true,"href":"https:\/\/www.europesays.com\/ee\/wp-json\/wp\/v2\/comments?post=264488"}],"version-history":[{"count":0,"href":"https:\/\/www.europesays.com\/ee\/wp-json\/wp\/v2\/posts\/264488\/revisions"}],"wp:featuredmedia":[{"embeddable":true,"href":"https:\/\/www.europesays.com\/ee\/wp-json\/wp\/v2\/media\/264489"}],"wp:attachment":[{"href":"https:\/\/www.europesays.com\/ee\/wp-json\/wp\/v2\/media?parent=264488"}],"wp:term":[{"taxonomy":"category","embeddable":true,"href":"https:\/\/www.europesays.com\/ee\/wp-json\/wp\/v2\/categories?post=264488"},{"taxonomy":"post_tag","embeddable":true,"href":"https:\/\/www.europesays.com\/ee\/wp-json\/wp\/v2\/tags?post=264488"}],"curies":[{"name":"wp","href":"https:\/\/api.w.org\/{rel}","templated":true}]}}