{"id":264490,"date":"2026-08-31T01:18:12","date_gmt":"2026-08-31T01:18:12","guid":{"rendered":"https:\/\/www.europesays.com\/ee\/264490\/"},"modified":"2026-08-31T01:18:12","modified_gmt":"2026-08-31T01:18:12","slug":"kreml-kommenteeris-voimalikku-trumpi-zelenskoi-ja-putini-kohtumist","status":"publish","type":"post","link":"https:\/\/www.europesays.com\/ee\/264490\/","title":{"rendered":"Kreml kommenteeris v\u00f5imalikku Trumpi, Zelensk\u00f5i ja Putini kohtumist"},"content":{"rendered":"<p>Kremli pressiesindaja Dmitri Peskov \u00fctles p\u00fchap\u00e4eval, et kolmepoolne kohtumine USA presidendi Donald Trumpi, Ukraina presidendi Volod\u00f5m\u00f5r Zelensk\u00f5i ja Venemaa juhi Vladimir Putini vahel oleks v\u00f5imalik ainult kokkulepete vormistamiseks.<\/p>\n<p>Ukrainlaste uudisteagentuuri Ukrinformi andmetel edastas seda oma uudisloos Suurbritannia rahvusringh\u00e4\u00e4lingu BBC venekeelne teenistus.<\/p>\n","protected":false},"excerpt":{"rendered":"Kremli pressiesindaja Dmitri Peskov \u00fctles p\u00fchap\u00e4eval, et kolmepoolne kohtumine USA presidendi Donald Trumpi, Ukraina presidendi Volod\u00f5m\u00f5r Zelensk\u00f5i ja&hellip;\n","protected":false},"author":2,"featured_media":264491,"comment_status":"","ping_status":"","sticky":false,"template":"","format":"standard","meta":{"footnotes":"","_share_on_mastodon":"0"},"categories":[80],"tags":[587,26,27,944,37,33,35,34,36,31,32,21,38351,103,28,29,12750,95,108,19,25,3738,23,24,463,329,262,22,20,96,30,2405,92,93,94,3623],"class_list":["post-264490","post","type-post","status-publish","format-standard","has-post-thumbnail","category-maailm","tag-ameerika-uhendriigid","tag-breaking-news","tag-breakingnews","tag-dmitri-peskov","tag-ee","tag-eesti","tag-eesti-keel","tag-estonia","tag-estonian","tag-featured-news","tag-featurednews","tag-headlines","tag-john-ratcliffe","tag-kreml","tag-latest-news","tag-latestnews","tag-luure-keskagentuur-cia","tag-maailm","tag-moskva","tag-news","tag-populaarseimad-lood","tag-putin","tag-top-stories","tag-topstories","tag-trump","tag-turgi","tag-ukraina","tag-uldised-uudised","tag-uudised","tag-venemaa","tag-viimased-uudised","tag-washington","tag-world","tag-world-news","tag-worldnews","tag-zelenskoi"],"share_on_mastodon":{"url":"","error":"Validation failed: Text character limit of 500 exceeded"},"_links":{"self":[{"href":"https:\/\/www.europesays.com\/ee\/wp-json\/wp\/v2\/posts\/264490","targetHints":{"allow":["GET"]}}],"collection":[{"href":"https:\/\/www.europesays.com\/ee\/wp-json\/wp\/v2\/posts"}],"about":[{"href":"https:\/\/www.europesays.com\/ee\/wp-json\/wp\/v2\/types\/post"}],"author":[{"embeddable":true,"href":"https:\/\/www.europesays.com\/ee\/wp-json\/wp\/v2\/users\/2"}],"replies":[{"embeddable":true,"href":"https:\/\/www.europesays.com\/ee\/wp-json\/wp\/v2\/comments?post=264490"}],"version-history":[{"count":0,"href":"https:\/\/www.europesays.com\/ee\/wp-json\/wp\/v2\/posts\/264490\/revisions"}],"wp:featuredmedia":[{"embeddable":true,"href":"https:\/\/www.europesays.com\/ee\/wp-json\/wp\/v2\/media\/264491"}],"wp:attachment":[{"href":"https:\/\/www.europesays.com\/ee\/wp-json\/wp\/v2\/media?parent=264490"}],"wp:term":[{"taxonomy":"category","embeddable":true,"href":"https:\/\/www.europesays.com\/ee\/wp-json\/wp\/v2\/categories?post=264490"},{"taxonomy":"post_tag","embeddable":true,"href":"https:\/\/www.europesays.com\/ee\/wp-json\/wp\/v2\/tags?post=264490"}],"curies":[{"name":"wp","href":"https:\/\/api.w.org\/{rel}","templated":true}]}}