{"id":264514,"date":"2026-08-31T03:10:08","date_gmt":"2026-08-31T03:10:08","guid":{"rendered":"https:\/\/www.europesays.com\/ee\/264514\/"},"modified":"2026-08-31T03:10:08","modified_gmt":"2026-08-31T03:10:08","slug":"kaitseliitlase-hoiatus-eesti-droonivoimekus-on-latist-ja-leedust-ohtlikult-maha-jaanud","status":"publish","type":"post","link":"https:\/\/www.europesays.com\/ee\/264514\/","title":{"rendered":"Kaitseliitlase hoiatus: Eesti drooniv\u00f5imekus on L\u00e4tist ja Leedust ohtlikult maha j\u00e4\u00e4nud"},"content":{"rendered":"<p>Kolm aastat tagasi olime samal pulgal \u2013 k\u00f5ik katsetasid, eksperimenteerisid. Aasta eest oli l\u00e4tlastel loodud droonikool, protseduurid, standardvarustus. Eestlased \u201ekatsetasid\u201c. <\/p>\n<p>Sel aastal osales L\u00e4ti poolelt \u00f5ppusel ligikaudu 200 droonioperaatorit. V\u00e4lja \u00f5petatud, varustatud. Lisaks veel pea 200 muud osalejat, sealhulgas jalav\u00e4gi Pasi soomukitel. Integreerituna, koos <a rel=\"noopener nofollow\" target=\"_blank\" href=\"https:\/\/www.delfi.ee\/teema\/96857000\/droonid-1\" tag-id=\"96857000\">droonidega<\/a>. Leedukad saatsid kohale FPV-meeskonna. V\u00e4lja \u00f5petatud, varustatud. Eestlased \u201ekatsetasid\u201c. <\/p>\n<p>Meie niinimetatud esindusv\u00f5istkonna s\u00f5idukipark koosnes kahest tsiviils\u00f5idukist (loe: enda raha eest ostetud), \u00fchest erav\u00e4rvides vanast Land Cruiserist, kahest malevalt laenatud vanast maasturist ja m\u00f5nest mikrobussist. <\/p>\n<p>Lisaks ka kahest t\u00e4iesti uuest bussist, millesse ei tohtinud saabastega siseneda, r\u00e4\u00e4kimata nendega pol\u00fcgoonile v\u00f5i maastikule s\u00f5itmisest. Arusaadav, ega staabiohvitser ei saa ju ometi mingi kraabitud k\u00e4kiga ringi s\u00f5ita. <\/p>\n<p>\u00dcle Eesti oli kokku kogutud parim droonipark, mis saada: k\u00f5ik kaks Autelit, m\u00f5ned Mavicud, \u00fcks Matrice ja \u00fche k\u00e4e n\u00e4ppudel loendatav kogus FPV-droone. Ka side osas polnud Eesti kokku hoidnud: iga meeskonna tarbeks oli kusagilt konfiskeeritud Starlink (t\u00f5si, \u00fchel neist polnud paketti), meeskondadele jagus ka riigi hangitud tahvelarvuti ja telefon. <\/p>\n<p>Siinkohal oli toimunud m\u00e4rkimisv\u00e4\u00e4rne areng. Varasemalt tahvlit\/telefoni meile ei v\u00e4ljastatud ja t\u00f6\u00f6d tuli teha enda telefonidega. \u00d5nneks lahenes ka paketita Starlinki probleem j\u00e4llegi \u00fche ettev\u00f5tte ehk erasektori kaasa v\u00f5etud tehnika abil. <\/p>\n<p><img decoding=\"async\" src=\"https:\/\/static.delfi.ee\/portal-configuration\/legacy_assets\/www_delfi_ee\/n_icon-pullout.svg\"\/><\/p>\n<p>Droonid ei t\u00f6\u00f6tanud. Kogu aeg \u00f5ppusel kulus tinutamisele ja vandumisele.<\/p>\n<p>Kokku pani Eesti \u00fclalmainitud varustuse abil platsile neli meeskonda ning mehitas oma juhtimispunkti. K\u00f5igil meeskondadel oli erinev (era)s\u00f5iduk ja erinev varustus. Standardse tulemuse saavutasid r\u00fcndedroonimeeskonnad: droonid ei t\u00f6\u00f6tanud ja kogu aeg \u00f5ppusel kulus tinutamisele, vandumisele ja veelkord tinutamisele. <\/p>\n<p>Vaatlusdroonimeeskondadel l\u00e4ks paremini: t\u00f6\u00f6d sai teha. Vaatamata sellele, et s\u00f5ita tuli asfaldile m\u00f5eldud tavalise kaubikuga. Raske oli, aga noh, s\u00f5jaaeg. L\u00e4tlased \u00f5nneks v\u00f5tsid meid ligi oma juhtimiss\u00fcsteemidele, see aitas. Sest L\u00e4ti radar saatis iga s\u00f5duri telefoni v\u00f5i tahvlisse pilti, mis kuvas \u00f5ppev\u00e4lja \u00f5huruumi olukorda. <\/p>\n<p>On p\u00e4ris suureks abiks, kui s\u00f5dur teab, kas l\u00e4heduses sumisev droon on oma v\u00f5i v\u00f5\u00f5ras. Eesti pole siinkohal veel ka katsetamiseni j\u00f5udnud. Aga ega meil kiiret ole. <\/p>\n<p><img decoding=\"async\" src=\"https:\/\/static.delfi.ee\/portal-configuration\/legacy_assets\/www_delfi_ee\/n_icon-pullout.svg\"\/><\/p>\n<p>Miks teised on suutnud luua s\u00fcsteemi ja meie mitte k\u00e4rbsepesagi?<\/p>\n<p>Miks on Eesti maha j\u00e4\u00e4nud?<\/p>\n<p>Kokkuv\u00f5ttes tekib ainult \u00fcks k\u00fcsimus: miks. <\/p>\n<p>Miks me nii maha oleme j\u00e4\u00e4nud? Mitte isegi ukrainlastest, see on arusaadav. Aga teistest Balti riikidest? P\u00e4riselt? Miks teised on suutnud luua s\u00fcsteemi ja meie mitte k\u00e4rbsepesagi? Ikka veel teeme asju p\u00f5lve otsas, oma raha eest, s\u00fcsteemi regulatsioonide tuuleveskitega v\u00f5ideldes. Kas see on teadlik otsus? V\u00f5i otsustamatus? <\/p>\n<p>K\u00f5ik p\u00e4he tulevad p\u00f5hjused on juhtimistasandil: kas a) meie poliitiline eliit tegelikult ei soovigi Eestit kaitsta; v\u00f5i b) juhtimistasandil osalevad Vene m\u00f5juagendid blokeerivad vajalikke initsiatiive. Varustust ei saa osta, \u201esest et hanked v\u00f5tavad aega\u201c. <\/p>\n<p>Olgu. Tahtmise korral saaks ju rakendada riigihangete seaduses ette n\u00e4htud julgeoleku erandit. Ju siis pole tahet. <\/p>\n<p>Varustust ei saa anda, sest \u201epole tabelis ette n\u00e4htud\u201c. Olgu. Tabeli saaks ka ju ringi teha. Ju siis pole tahet. <\/p>\n<p><img decoding=\"async\" src=\"https:\/\/static.delfi.ee\/portal-configuration\/legacy_assets\/www_delfi_ee\/n_icon-pullout.svg\"\/><\/p>\n<p>Kui organisatsioon aktsepteerib oma juhtimisahelas selliste ametnike eksistentsi, siis on k\u00fcsimus juhtimiskultuuris tervikuna. Seda ei saa muuta alt \u00fcles. Kas see ei n\u00e4ita mitte, et kogu s\u00fcsteem on m\u00e4da, fundamentaalselt?<\/p>\n<p>Minu k\u00fcsimus on: kas me teeme seda v\u00f5i me ei tee? Kui ei siis ei, paneme p\u00fcssid p\u00f5\u00f5sasse ja t\u00f5stame valge lipu. Paneme Vooglaiu kuberneriks ja toome tagasi venekeelse alghariduse. Seekord siis juba k\u00f5igile eestlastele ka. Kui jah, siis kurat teeme asja, mitte ei otsi vabandusi. <\/p>\n<p>On olemas m\u00f5iste \u201ehollow force\u201c \u2013 \u00f5\u00f5nes v\u00e4gi. See t\u00e4hendab s\u00f5janduses olukorda, kus s\u00f5jav\u00e4gi n\u00e4eb paberil ja v\u00e4liselt v\u00e4lja tugev ning valmis, kuid on tegelikult seest t\u00fchi. See omakorda t\u00e4hendab puudust isikkoosseisust, kehva v\u00e4lja\u00f5pet, vananenud v\u00f5i hooldamata tehnikat ja varustuse nappust. Droonivaldkond Eestis vastab praegu paraku sellele. <\/p>\n<p><img decoding=\"async\" src=\"https:\/\/static.delfi.ee\/portal-configuration\/legacy_assets\/www_delfi_ee\/n_icon-pullout.svg\"\/><\/p>\n<p>S\u00f5jav\u00e4gi n\u00e4eb paberil ja v\u00e4liselt v\u00e4lja tugev ning valmis, kuid on tegelikult seest t\u00fchi.<\/p>\n<p>\u201eMis kogemust teil veel on vaja, kui kogu aeg n\u00e4itame, et see t\u00f6\u00f6tab?\u201c <a rel=\"noopener follow nofollow\" target=\"_blank\" href=\"https:\/\/maailm.postimees.ee\/8526009\/postimees-ukrainas-madjari-sonum-baltimaadele-raiuge-piir-venemaaga-lagedaks-ja-looge-surmatsoon\" data-rel-date-range=\"[]\">k\u00fcsis Robert Brovdi ehk Madjar<\/a>. \u201ePraegu tabame 80 protsenti k\u00f5ikidest sihtm\u00e4rkidest droonidega.\u201c \u201eKas pean tulema ja teile sel teemal tantsima m\u00f5nda rahvuslikku tantsu, et aru saaksite?\u201c.<\/p>\n<p>Kuidas see lugu Sind end tundma pani?Saada<a href=\"https:\/\/arvamus.delfi.ee\/artikkel\/120606006\/kaitseliitlase-hoiatus-eesti-droonivoimekus-on-latist-ja-leedust-ohtlikult-maha-jaanud\/kommentaarid\" class=\"button button--primary button--size-auto article-body-bottom__comment article-body-bottom__comment--write\" style=\"\" rel=\"nofollow noopener\" target=\"_blank\">Kommenteeri<\/a><a href=\"https:\/\/arvamus.delfi.ee\/artikkel\/120606006\/kaitseliitlase-hoiatus-eesti-droonivoimekus-on-latist-ja-leedust-ohtlikult-maha-jaanud\/kommentaarid\" class=\"button button--size-auto article-body-bottom__comment article-body-bottom__comment--read\" style=\"\" rel=\"nofollow noopener\" target=\"_blank\">Loe kommentaare (34)<\/a><\/p>\n","protected":false},"excerpt":{"rendered":"Kolm aastat tagasi olime samal pulgal \u2013 k\u00f5ik katsetasid, eksperimenteerisid. Aasta eest oli l\u00e4tlastel loodud droonikool, protseduurid, standardvarustus.&hellip;\n","protected":false},"author":2,"featured_media":264515,"comment_status":"","ping_status":"","sticky":false,"template":"","format":"standard","meta":{"footnotes":"","_share_on_mastodon":"0"},"categories":[12],"tags":[26,27,1274,1673,6408,37,33,35,34,36,31,32,21,8168,45452,28,29,19,25,23,24,22,20,30],"class_list":["post-264514","post","type-post","status-publish","format-standard","has-post-thumbnail","category-eesti","tag-breaking-news","tag-breakingnews","tag-droonid","tag-droonikaitse","tag-droonisoda","tag-ee","tag-eesti","tag-eesti-keel","tag-estonia","tag-estonian","tag-featured-news","tag-featurednews","tag-headlines","tag-kaitseliit","tag-koikeholmav-riigikaitse","tag-latest-news","tag-latestnews","tag-news","tag-populaarseimad-lood","tag-top-stories","tag-topstories","tag-uldised-uudised","tag-uudised","tag-viimased-uudised"],"share_on_mastodon":{"url":"https:\/\/pubeurope.com\/@ee\/117187931595161172","error":""},"_links":{"self":[{"href":"https:\/\/www.europesays.com\/ee\/wp-json\/wp\/v2\/posts\/264514","targetHints":{"allow":["GET"]}}],"collection":[{"href":"https:\/\/www.europesays.com\/ee\/wp-json\/wp\/v2\/posts"}],"about":[{"href":"https:\/\/www.europesays.com\/ee\/wp-json\/wp\/v2\/types\/post"}],"author":[{"embeddable":true,"href":"https:\/\/www.europesays.com\/ee\/wp-json\/wp\/v2\/users\/2"}],"replies":[{"embeddable":true,"href":"https:\/\/www.europesays.com\/ee\/wp-json\/wp\/v2\/comments?post=264514"}],"version-history":[{"count":0,"href":"https:\/\/www.europesays.com\/ee\/wp-json\/wp\/v2\/posts\/264514\/revisions"}],"wp:featuredmedia":[{"embeddable":true,"href":"https:\/\/www.europesays.com\/ee\/wp-json\/wp\/v2\/media\/264515"}],"wp:attachment":[{"href":"https:\/\/www.europesays.com\/ee\/wp-json\/wp\/v2\/media?parent=264514"}],"wp:term":[{"taxonomy":"category","embeddable":true,"href":"https:\/\/www.europesays.com\/ee\/wp-json\/wp\/v2\/categories?post=264514"},{"taxonomy":"post_tag","embeddable":true,"href":"https:\/\/www.europesays.com\/ee\/wp-json\/wp\/v2\/tags?post=264514"}],"curies":[{"name":"wp","href":"https:\/\/api.w.org\/{rel}","templated":true}]}}