{"id":264516,"date":"2026-08-31T03:19:11","date_gmt":"2026-08-31T03:19:11","guid":{"rendered":"https:\/\/www.europesays.com\/ee\/264516\/"},"modified":"2026-08-31T03:19:11","modified_gmt":"2026-08-31T03:19:11","slug":"elektrikell-%e2%9f%a9-elektri-borsihind-esmaspaeval-kahekordistub-majandus","status":"publish","type":"post","link":"https:\/\/www.europesays.com\/ee\/264516\/","title":{"rendered":"ELEKTRIKELL \u27e9 Elektri b\u00f6rsihind esmasp\u00e4eval kahekordistub &#8211; Majandus"},"content":{"rendered":"<ol>\n<li><a href=\"https:\/\/news.google.com\/rss\/articles\/CBMimAFBVV95cUxPTEhBRXlPSEZIUjE4MFoweEMtUjRUY3ZoeWhQdzdvZERySEdWYkRuaEItbkhKV3ZtV3gxLUszZXJQVzFwcEJ0ZXNWX0NFQkR2bF90cVQ0UmtRMFhidGx1SW5fQjBFa3FFRS1GV2pZSUVGbDZBeUJDTlh1MUY1Y0dkclgyanVRRTRYbkxGeElhTk0yYmlTUkJwVA?oc=5\" target=\"_blank\" rel=\"nofollow noopener\">ELEKTRIKELL \u27e9 Elektri b\u00f6rsihind esmasp\u00e4eval kahekordistub<\/a>&nbsp;&nbsp;Majandus<\/li>\n<li><a href=\"https:\/\/news.google.com\/rss\/articles\/CBMipAFBVV95cUxQVU9wSnJvLVQxbGdaQ285SGxrSUFHRXlQVmhWM3FwbmhzdVJtYmNLY2ktdk9kc0lhWDRZOEpjRG14TVpLQlNvNXBaZ2tJYUotOC13U2NYTGtPdE9QajdoNng3QmJnZUhQTVBpTHNkUmFIbjY4Vk5qSlB5YTlRRHBpUWhXWV9td19XaWp3ajFpNzZIYVkzUmpfWEFWUklMaS1PV1hwOA?oc=5\" target=\"_blank\" rel=\"nofollow noopener\">Eestis loodud relvas\u00fcsteem hakkas droone rakettidega jahtima<\/a>&nbsp;&nbsp;Inbox.eu<\/li>\n<li><a href=\"https:\/\/news.google.com\/rss\/articles\/CBMiuwFBVV95cUxORS1HNlA2VUI1QkpnQnUybS1Jd0NMUEJsUGNtcFQxa1BRanJRa1dSdzl4REZRb25iTl9raUdvNUF5ZTJSMDlXb2p2cmNXM1JNb0l6YXVTNHljX1BDZTFCRmRDTGt0YkdVSWFSWWRjUHVMMFcxeXllZHFFNVphV0l3azNnOEctQ1dRUEpRZFNfMW5ZLU9rNmFmMWhZUE0ybDZXajYwOGViVHU4Vkt5S1lZbVE1RjZsaXNHQ1V3?oc=5\" target=\"_blank\" rel=\"nofollow noopener\">USA saab enda kontrolli alla suure osa Venezuela naftarikkusest<\/a>&nbsp;&nbsp;Inbox.eu<\/li>\n<li><a href=\"https:\/\/news.google.com\/rss\/articles\/CBMisAFBVV95cUxNdFBkLTdFTnkzREp2RG53QnViNkxPdTI0am1xT3VUaEtITFBqOV9BazVTVVlrdWdZTWdyNV9mYWZka1ZBcXUwWmJhS0tXOUZSVWlzTDlCQUR0MVhwc1hiVWM0VVlMX01QNUpQdFJRSHEtSk1uY0ZjdkNWUlJwSXB5WUd4VV9kdlcwWjBzcjdmODMxNlAxc2J6eGlpVDNUUERiWkNFSlo3TmJVVUFFaGluVA?oc=5\" target=\"_blank\" rel=\"nofollow noopener\">MEES PUNASES \u27e9 Ta maksis p\u00f5latud Ferrari eest 40 miljonit<\/a>&nbsp;&nbsp;Inbox.eu<\/li>\n<li><a href=\"https:\/\/news.google.com\/rss\/articles\/CBMinwFBVV95cUxPZ2dqTHB3QWI5WUNSdUZoOEhTU2FxN1RuX3QycDVnZFEwakt4UEUtcHNpR0hJUUtNLTR3R3VuTmp4MzR6NUZTX3ZzQk5uc2ZWT21uTDE1MHpKbkRGWWZnT0Y3SzE4OXl4NUFReUNnM2d5ZFhIbzlMYWEtbk9DLWNoamJMa3dhZUFLVnpidGF5YkNUWDVPcHRXWW1KTzJEXzg?oc=5\" target=\"_blank\" rel=\"nofollow noopener\">B\u00d6RSIELEKTER \u27e9 P\u00e4rast eilset h\u00fcpet teeb hind taas tugeva t\u00f5usu<\/a>&nbsp;&nbsp;Majandus<\/li>\n<\/ol>\n","protected":false},"excerpt":{"rendered":"ELEKTRIKELL \u27e9 Elektri b\u00f6rsihind esmasp\u00e4eval kahekordistub&nbsp;&nbsp;Majandus Eestis loodud relvas\u00fcsteem hakkas droone rakettidega jahtima&nbsp;&nbsp;Inbox.eu USA saab enda kontrolli alla&hellip;\n","protected":false},"author":2,"featured_media":264517,"comment_status":"","ping_status":"","sticky":false,"template":"","format":"standard","meta":{"footnotes":"","_share_on_mastodon":"0"},"categories":[14],"tags":[131,21878,130,37,33,35,848,7276,102770,7275,102771,102772,102773,102774,6122,34,36,24393],"class_list":["post-264516","post","type-post","status-publish","format-standard","has-post-thumbnail","category-ari","tag-ari","tag-borsihind","tag-business","tag-ee","tag-eesti","tag-eesti-keel","tag-elekter","tag-elektri-borsihind","tag-elektri-borsihind-esmaspaeval-kahekordistub","tag-elektri-hind","tag-elektrihind-eestis","tag-elektrihind-latis","tag-elektrihind-leedus","tag-elektrihind-soomes","tag-elektriturg","tag-estonia","tag-estonian","tag-megavatt-tund"],"share_on_mastodon":{"url":"https:\/\/pubeurope.com\/@ee\/117187966704607662","error":""},"_links":{"self":[{"href":"https:\/\/www.europesays.com\/ee\/wp-json\/wp\/v2\/posts\/264516","targetHints":{"allow":["GET"]}}],"collection":[{"href":"https:\/\/www.europesays.com\/ee\/wp-json\/wp\/v2\/posts"}],"about":[{"href":"https:\/\/www.europesays.com\/ee\/wp-json\/wp\/v2\/types\/post"}],"author":[{"embeddable":true,"href":"https:\/\/www.europesays.com\/ee\/wp-json\/wp\/v2\/users\/2"}],"replies":[{"embeddable":true,"href":"https:\/\/www.europesays.com\/ee\/wp-json\/wp\/v2\/comments?post=264516"}],"version-history":[{"count":0,"href":"https:\/\/www.europesays.com\/ee\/wp-json\/wp\/v2\/posts\/264516\/revisions"}],"wp:featuredmedia":[{"embeddable":true,"href":"https:\/\/www.europesays.com\/ee\/wp-json\/wp\/v2\/media\/264517"}],"wp:attachment":[{"href":"https:\/\/www.europesays.com\/ee\/wp-json\/wp\/v2\/media?parent=264516"}],"wp:term":[{"taxonomy":"category","embeddable":true,"href":"https:\/\/www.europesays.com\/ee\/wp-json\/wp\/v2\/categories?post=264516"},{"taxonomy":"post_tag","embeddable":true,"href":"https:\/\/www.europesays.com\/ee\/wp-json\/wp\/v2\/tags?post=264516"}],"curies":[{"name":"wp","href":"https:\/\/api.w.org\/{rel}","templated":true}]}}