{"id":264528,"date":"2026-08-31T04:06:11","date_gmt":"2026-08-31T04:06:11","guid":{"rendered":"https:\/\/www.europesays.com\/ee\/264528\/"},"modified":"2026-08-31T04:06:11","modified_gmt":"2026-08-31T04:06:11","slug":"venemaa-havitas-ukrainas-maailma-uhe-suurima-viinavabriku","status":"publish","type":"post","link":"https:\/\/www.europesays.com\/ee\/264528\/","title":{"rendered":"Venemaa h\u00e4vitas Ukrainas maailma \u00fche suurima viinavabriku"},"content":{"rendered":"<p>Zapori\u017e\u017ejas h\u00e4vis Venemaa raketir\u00fcnnakus t\u00e4ielikult Ukraina ja ka maailma \u00fcks suurimaid viinavabrikud ning seda ei ole v\u00f5imalik taastada.<\/p>\n<p>USA-s peakorterit omava Ukraina ettev\u00f5tte Global Spirits 2003. aastal k\u00e4ivitatud Khortytsia viinatehas sai neli raketitabamust. Selle tagaj\u00e4rjel puhkes kolm tundi kestnud tulekahju, teatas The Kyiv Independent.<\/p>\n","protected":false},"excerpt":{"rendered":"Zapori\u017e\u017ejas h\u00e4vis Venemaa raketir\u00fcnnakus t\u00e4ielikult Ukraina ja ka maailma \u00fcks suurimaid viinavabrikud ning seda ei ole v\u00f5imalik taastada.&hellip;\n","protected":false},"author":2,"featured_media":264529,"comment_status":"","ping_status":"","sticky":false,"template":"","format":"standard","meta":{"footnotes":"","_share_on_mastodon":"0"},"categories":[5],"tags":[26,27,6369,37,33,35,34,36,31,32,102775,21,102777,102776,20081,28,29,74256,102778,19,25,42057,22820,23,24,262,22,20,96,30,102779,1839],"class_list":["post-264528","post","type-post","status-publish","format-standard","has-post-thumbnail","category-uldised-uudised","tag-breaking-news","tag-breakingnews","tag-dnipro","tag-ee","tag-eesti","tag-eesti-keel","tag-estonia","tag-estonian","tag-featured-news","tag-featurednews","tag-global-spirits","tag-headlines","tag-jevhen-tsernjak","tag-khortytsia","tag-krovoi-rih","tag-latest-news","tag-latestnews","tag-majandussoda","tag-metinvest","tag-news","tag-populaarseimad-lood","tag-raketirunnakud","tag-rivne","tag-top-stories","tag-topstories","tag-ukraina","tag-uldised-uudised","tag-uudised","tag-venemaa","tag-viimased-uudised","tag-zaporizstal","tag-zaporizzja"],"share_on_mastodon":{"url":"https:\/\/pubeurope.com\/@ee\/117188151611626534","error":""},"_links":{"self":[{"href":"https:\/\/www.europesays.com\/ee\/wp-json\/wp\/v2\/posts\/264528","targetHints":{"allow":["GET"]}}],"collection":[{"href":"https:\/\/www.europesays.com\/ee\/wp-json\/wp\/v2\/posts"}],"about":[{"href":"https:\/\/www.europesays.com\/ee\/wp-json\/wp\/v2\/types\/post"}],"author":[{"embeddable":true,"href":"https:\/\/www.europesays.com\/ee\/wp-json\/wp\/v2\/users\/2"}],"replies":[{"embeddable":true,"href":"https:\/\/www.europesays.com\/ee\/wp-json\/wp\/v2\/comments?post=264528"}],"version-history":[{"count":0,"href":"https:\/\/www.europesays.com\/ee\/wp-json\/wp\/v2\/posts\/264528\/revisions"}],"wp:featuredmedia":[{"embeddable":true,"href":"https:\/\/www.europesays.com\/ee\/wp-json\/wp\/v2\/media\/264529"}],"wp:attachment":[{"href":"https:\/\/www.europesays.com\/ee\/wp-json\/wp\/v2\/media?parent=264528"}],"wp:term":[{"taxonomy":"category","embeddable":true,"href":"https:\/\/www.europesays.com\/ee\/wp-json\/wp\/v2\/categories?post=264528"},{"taxonomy":"post_tag","embeddable":true,"href":"https:\/\/www.europesays.com\/ee\/wp-json\/wp\/v2\/tags?post=264528"}],"curies":[{"name":"wp","href":"https:\/\/api.w.org\/{rel}","templated":true}]}}