{"id":264538,"date":"2026-08-31T04:57:10","date_gmt":"2026-08-31T04:57:10","guid":{"rendered":"https:\/\/www.europesays.com\/ee\/264538\/"},"modified":"2026-08-31T04:57:10","modified_gmt":"2026-08-31T04:57:10","slug":"oudusunenagu-oli-uhe-kaiguga-touse-ules-soita-janika-loivu-rattal-jupsis-mmil-kaiguvahetaja","status":"publish","type":"post","link":"https:\/\/www.europesays.com\/ee\/264538\/","title":{"rendered":"\u00ab\u00d5udusunen\u00e4gu oli \u00fche k\u00e4iguga t\u00f5use \u00fcles s\u00f5ita.\u00bb Janika L\u00f5ivu rattal jupsis MMil k\u00e4iguvahetaja"},"content":{"rendered":"<p>Maailmameistriks tuli kindla eduga \u0161veitslanna Sina Frei. H\u00f5bemedali sai kaela itaallanna Martina Berta (+1.07) ja pronksmedali \u0161veitslanna Nicole Koller (+1.07). L\u00f5iv j\u00e4i v\u00f5itjast viie minuti ja 44 sekundi kaugusele.<\/p>\n<p>\u00abStart l\u00e4ks v\u00e4ga kenasti ja tulin stardiringilt vaid 20-sekundilise kaotusega liidrile. Esimesed ringid proovisin pigem natuke tagasihoidlikumalt v\u00f5tta, sest ilm oli kuum ja teadsin, et s\u00f5it tuleb pigem pikem. Enesetunne oli hea ja s\u00f5itsin t\u00f5usvas tempos. Esik\u00fcmne koht oli k\u00e4ega katsutav,\u00bb r\u00e4\u00e4kis L\u00f5iv. \u00abKolmanda ringi ajal tundsin, et k\u00e4igud on kuidagi uimased. Kord vahetavad, kord mitte. Kuni hetkeni kui enam \u00fcldse ei vahetunud,\u00bb j\u00e4tkas L\u00f5iv.<\/p>\n<p>\u00ab\u00d5udusunen\u00e4gu oli neid 15-20 protsendi t\u00f5use \u00fcles s\u00f5ita \u00fche k\u00e4iguga. Pisar tuli silma, kui surusin end l\u00e4bi valu m\u00e4est \u00fcles. Seej\u00e4rel tuli p\u00e4\u00e4stev tehniline punkt, kus v\u00f5tsin korraks aku tagant \u00e4ra ja panin tagasi. Vahetaja hakkas uuesti t\u00f6\u00f6le,\u00bb r\u00e4\u00e4kis L\u00f5iv.<\/p>\n<p>\u00abSamal ajal m\u00f6\u00f6dus minust korraga kolm-neli ratturit ja tuju langes. Sain aru, et jalad on sellest \u00fchest ajuvabast ringist v\u00e4sinud. Edasi s\u00f5itsin omas r\u00fctmis. Jalad kiskusid krampi ning ma ei suutnud end fokuseerida ja positiivseid m\u00f5tteid m\u00f5elda. Lihtsalt tahtsin, et fini\u0161 tuleks kiiremini,\u00bb lisas rattur.<\/p>\n<p>Kuni 23-aastaste naiste konkurentsis oli parim itaallanna Valentina Corvi. Mairit Kaarj\u00e4rv l\u00f5petas v\u00f5istluse 51. ja Maribel Rannala 53. kohal. Sama vanade noormeeste klassis v\u00f5itis prantslane Nael Rouffiac. Matthias M\u00f5ttus fini\u0161eeris 58. kohal.<\/p>\n","protected":false},"excerpt":{"rendered":"Maailmameistriks tuli kindla eduga \u0161veitslanna Sina Frei. H\u00f5bemedali sai kaela itaallanna Martina Berta (+1.07) ja pronksmedali \u0161veitslanna Nicole&hellip;\n","protected":false},"author":2,"featured_media":264539,"comment_status":"","ping_status":"","sticky":false,"template":"","format":"standard","meta":{"footnotes":"","_share_on_mastodon":"0"},"categories":[18],"tags":[1526,37,33,35,34,36,1517,172,1520,1513,1514,1518,1524,1515,1529,1530,1523,1519,1522,1525,1528,1527,159,158,1535,1534,1521,1532,1533,1230,1531,1516,1192],"class_list":["post-264538","post","type-post","status-publish","format-standard","has-post-thumbnail","category-sport","tag-autoralli","tag-ee","tag-eesti","tag-eesti-keel","tag-estonia","tag-estonian","tag-finaal","tag-jalgpall","tag-koondis","tag-korvpall","tag-liiga","tag-mang","tag-martin-jarveoja","tag-medal","tag-olumpia","tag-olumpiamangud","tag-ott-tanak","tag-poks","tag-postimees-sport","tag-postimees-wrc","tag-spordi-uudised","tag-spordiuudised","tag-sport","tag-sports","tag-suveolumpia","tag-suveolumpiamangud","tag-tiitel","tag-tokio","tag-tokio2020","tag-tokyo","tag-tokyo2020","tag-voistlus","tag-wrc"],"share_on_mastodon":{"url":"https:\/\/pubeurope.com\/@ee\/117188351851055322","error":""},"_links":{"self":[{"href":"https:\/\/www.europesays.com\/ee\/wp-json\/wp\/v2\/posts\/264538","targetHints":{"allow":["GET"]}}],"collection":[{"href":"https:\/\/www.europesays.com\/ee\/wp-json\/wp\/v2\/posts"}],"about":[{"href":"https:\/\/www.europesays.com\/ee\/wp-json\/wp\/v2\/types\/post"}],"author":[{"embeddable":true,"href":"https:\/\/www.europesays.com\/ee\/wp-json\/wp\/v2\/users\/2"}],"replies":[{"embeddable":true,"href":"https:\/\/www.europesays.com\/ee\/wp-json\/wp\/v2\/comments?post=264538"}],"version-history":[{"count":0,"href":"https:\/\/www.europesays.com\/ee\/wp-json\/wp\/v2\/posts\/264538\/revisions"}],"wp:featuredmedia":[{"embeddable":true,"href":"https:\/\/www.europesays.com\/ee\/wp-json\/wp\/v2\/media\/264539"}],"wp:attachment":[{"href":"https:\/\/www.europesays.com\/ee\/wp-json\/wp\/v2\/media?parent=264538"}],"wp:term":[{"taxonomy":"category","embeddable":true,"href":"https:\/\/www.europesays.com\/ee\/wp-json\/wp\/v2\/categories?post=264538"},{"taxonomy":"post_tag","embeddable":true,"href":"https:\/\/www.europesays.com\/ee\/wp-json\/wp\/v2\/tags?post=264538"}],"curies":[{"name":"wp","href":"https:\/\/api.w.org\/{rel}","templated":true}]}}