{"id":264540,"date":"2026-08-31T04:59:10","date_gmt":"2026-08-31T04:59:10","guid":{"rendered":"https:\/\/www.europesays.com\/ee\/264540\/"},"modified":"2026-08-31T04:59:10","modified_gmt":"2026-08-31T04:59:10","slug":"kreml-putini-trumpi-ja-zelenskoi-kohtumine-on-voimalik-ainult-kokkulepete-fikseerimiseks","status":"publish","type":"post","link":"https:\/\/www.europesays.com\/ee\/264540\/","title":{"rendered":"Kreml: Putini, Trumpi ja Zelensk\u00f5i kohtumine on v\u00f5imalik ainult kokkulepete fikseerimiseks"},"content":{"rendered":"<p>\u201eTrumpi-Putini-Zelensk\u00f5i tippkohtumise l\u00e4biviimist pakutakse juba ammu. Ja te teate h\u00e4sti meie riigi juhi positsiooni, et selline kohtumine on v\u00f5imalik ainult kokkulepete fikseerimiseks. Need kokkulepped ei ole sugugi primitiivne tehing,\u201c lausus Peskov ajakirjanikele, kommenteerides teateid selle kohta, et USA luure keskagentuuri (<a rel=\"noopener nofollow\" target=\"_blank\" href=\"https:\/\/www.delfi.ee\/teema\/26408091\/cia\" tag-id=\"26408091\">CIA<\/a>) direktor <a rel=\"noopener nofollow\" target=\"_blank\" href=\"https:\/\/www.delfi.ee\/teema\/93102923\/john-ratcliffe\" tag-id=\"93102923\">John Ratcliffe<\/a> k\u00e4is visiidi k\u00e4igus Venemaale v\u00e4lja idee selline kohtumine korraldada, vahendab Interfax.<\/p>\n<p>Peskov m\u00e4rkis, et tegemist on v\u00e4ga keerulise protsessiga, mis koosneb tohutust hulgast detailidest.<\/p>\n<p>\u201eLoomulikult on presidentidel selle k\u00f5ige arutamiseks kohtuda absoluutselt kasutu. Nad v\u00f5ivad kohtuda ainult selleks, et kokkulepped l\u00f5pule viia. Aga praegu <a rel=\"noopener nofollow\" target=\"_blank\" href=\"https:\/\/www.delfi.ee\/teema\/29718775\/kiiev\" tag-id=\"29718775\">Kiievi<\/a> pool reaalse reguleerimisega tegelda ei taha,\u201c \u00fctles Peskov.<\/p>\n<p>Ratcliffe k\u00fclastas Venemaad 25. augustil. Peskovi s\u00f5nul oli see \u201esuhtlemine eriteenistuste liinis\u201c.<\/p>\n<p>Eile teatas portaal Axios oma allikatele viidates, et Ratcliffe tegi ettepaneku korraldada Trumpi, Putini ja Zelensk\u00f5i kohtumine.<\/p>\n<p>Kuidas see lugu Sind end tundma pani?Saada<a href=\"https:\/\/www.delfi.ee\/artikkel\/120607144\/kreml-putini-trumpi-ja-zelenskoi-kohtumine-on-voimalik-ainult-kokkulepete-fikseerimiseks\/kommentaarid\" class=\"button button--primary button--size-auto article-body-bottom__comment article-body-bottom__comment--write\" style=\"\" rel=\"nofollow noopener\" target=\"_blank\">Kommenteeri<\/a><a href=\"https:\/\/www.delfi.ee\/artikkel\/120607144\/kreml-putini-trumpi-ja-zelenskoi-kohtumine-on-voimalik-ainult-kokkulepete-fikseerimiseks\/kommentaarid\" class=\"button button--size-auto article-body-bottom__comment article-body-bottom__comment--read\" style=\"\" rel=\"nofollow noopener\" target=\"_blank\">Loe kommentaare (2)<\/a><\/p>\n","protected":false},"excerpt":{"rendered":"\u201eTrumpi-Putini-Zelensk\u00f5i tippkohtumise l\u00e4biviimist pakutakse juba ammu. Ja te teate h\u00e4sti meie riigi juhi positsiooni, et selline kohtumine on&hellip;\n","protected":false},"author":2,"featured_media":264541,"comment_status":"","ping_status":"","sticky":false,"template":"","format":"standard","meta":{"footnotes":"","_share_on_mastodon":"0"},"categories":[80],"tags":[26,27,6480,944,324,37,33,35,34,36,31,32,21,38351,1208,103,28,29,95,19,25,23,24,262,22,325,20,96,30,661,263,92,93,94],"class_list":["post-264540","post","type-post","status-publish","format-standard","has-post-thumbnail","category-maailm","tag-breaking-news","tag-breakingnews","tag-cia","tag-dmitri-peskov","tag-donald-trump","tag-ee","tag-eesti","tag-eesti-keel","tag-estonia","tag-estonian","tag-featured-news","tag-featurednews","tag-headlines","tag-john-ratcliffe","tag-kiiev","tag-kreml","tag-latest-news","tag-latestnews","tag-maailm","tag-news","tag-populaarseimad-lood","tag-top-stories","tag-topstories","tag-ukraina","tag-uldised-uudised","tag-usa","tag-uudised","tag-venemaa","tag-viimased-uudised","tag-vladimir-putin","tag-volodomor-zelenskoi","tag-world","tag-world-news","tag-worldnews"],"share_on_mastodon":{"url":"https:\/\/pubeurope.com\/@ee\/117188359891303880","error":""},"_links":{"self":[{"href":"https:\/\/www.europesays.com\/ee\/wp-json\/wp\/v2\/posts\/264540","targetHints":{"allow":["GET"]}}],"collection":[{"href":"https:\/\/www.europesays.com\/ee\/wp-json\/wp\/v2\/posts"}],"about":[{"href":"https:\/\/www.europesays.com\/ee\/wp-json\/wp\/v2\/types\/post"}],"author":[{"embeddable":true,"href":"https:\/\/www.europesays.com\/ee\/wp-json\/wp\/v2\/users\/2"}],"replies":[{"embeddable":true,"href":"https:\/\/www.europesays.com\/ee\/wp-json\/wp\/v2\/comments?post=264540"}],"version-history":[{"count":0,"href":"https:\/\/www.europesays.com\/ee\/wp-json\/wp\/v2\/posts\/264540\/revisions"}],"wp:featuredmedia":[{"embeddable":true,"href":"https:\/\/www.europesays.com\/ee\/wp-json\/wp\/v2\/media\/264541"}],"wp:attachment":[{"href":"https:\/\/www.europesays.com\/ee\/wp-json\/wp\/v2\/media?parent=264540"}],"wp:term":[{"taxonomy":"category","embeddable":true,"href":"https:\/\/www.europesays.com\/ee\/wp-json\/wp\/v2\/categories?post=264540"},{"taxonomy":"post_tag","embeddable":true,"href":"https:\/\/www.europesays.com\/ee\/wp-json\/wp\/v2\/tags?post=264540"}],"curies":[{"name":"wp","href":"https:\/\/api.w.org\/{rel}","templated":true}]}}