{"id":264558,"date":"2026-08-31T05:32:09","date_gmt":"2026-08-31T05:32:09","guid":{"rendered":"https:\/\/www.europesays.com\/ee\/264558\/"},"modified":"2026-08-31T05:32:09","modified_gmt":"2026-08-31T05:32:09","slug":"venemeelsed-hakkerid-rundasid-norra-valitsussektorit-valismaa","status":"publish","type":"post","link":"https:\/\/www.europesays.com\/ee\/264558\/","title":{"rendered":"Venemeelsed h\u00e4kkerid r\u00fcndasid Norra valitsussektorit | V\u00e4lismaa"},"content":{"rendered":"<p>Venemeelne h\u00e4kkerir\u00fchmitus Server Killers, mis on tegutsenud alates 2023. aastast ning varem r\u00fcnnanud sihtm\u00e4rke Rumeenias ja Kanadas, korraldas Norra valitsussektori vastu rea laiaulatuslikke k\u00fcberr\u00fcnnakuid.<\/p>\n<p>Ukrainlaste uudisteagentuuri Ukrinformi andmetel teatas sellest Ukraina riikliku julgeoleku ja kaitsen\u00f5ukogu alluvuses tegutsev valeinformatsiooniga v\u00f5itlemise keskus (CCD).<\/p>\n<p>Teadaandes \u00f6eldi, et venemeelne h\u00e4kkerir\u00fchmitus Server Killers viis l\u00e4bi rea laiaulatuslikke k\u00fcberr\u00fcnnakuid Norra valitsussektori vastu. R\u00fcndajate tegevuse tagaj\u00e4rjel esines k\u00fcmnel valitsusteenusel kolme p\u00e4eva jooksul h\u00e4ireid. Samuti lekkis riigieelarvet puudutav teave.<\/p>\n<p>CCD andmetel v\u00f5ttis r\u00fchmitus Server Killers, mis on tegutsenud 2023. aastast ning r\u00fcnnanud varem Rumeenia ja Kanada ressursse, r\u00fcnnaku eest vastutuse. R\u00fchmitus nimetas oma motiiviks k\u00e4ttemaksu selle eest, et Oslo allkirjastas Ukrainaga strateegilise partnerluse lepingu ja j\u00e4tkab Kiievi rahalist toetamist kuni 2027. aastani.<\/p>\n<p>Keskus r\u00f5hutas, et k\u00fcberr\u00fcnnakute kasutamine otsese vastusena Euroopa riikide diplomaatilistele ja rahalistele otsustele on Venemaa h\u00fcbriids\u00f5ja klassikaline ilming. Selliste operatsioonide peamine eesm\u00e4rk on avaldada survet Ukraina liitlastele.<\/p>\n<p>Keskuse hinnangul n\u00f5uavad Venemaa s\u00fcstemaatilised katsed \u00f5\u00f5nestada toetust Ukrainale h\u00fcbriidr\u00fcnnakute kaudu rahvusvaheliselt \u00fcldsuselt otsustavat ja koordineeritud reageerimist. Partnerriikide vahelise \u00fchise k\u00fcberkaitse tugevdamine ja uute sanktsioonide kehtestamine venemeelsete h\u00e4kkeriv\u00f5rgustike vastu on vajalikud sammud h\u00fcbriidohtudele t\u00f5husaks vastuseismiseks.<\/p>\n<p>Ukrinformi andmetel kasutasid venekeelsed h\u00e4kkerid varem sel aastal USA kosmosettev\u00f5tte SpaceX tehisintellekti assistenti Cursor, et h\u00e4kkida sisse v\u00e4hemalt seitsmesse ettev\u00f5ttesse Euroopas ja \u00dchendriikides.<\/p>\n","protected":false},"excerpt":{"rendered":"Venemeelne h\u00e4kkerir\u00fchmitus Server Killers, mis on tegutsenud alates 2023. aastast ning varem r\u00fcnnanud sihtm\u00e4rke Rumeenias ja Kanadas, korraldas&hellip;\n","protected":false},"author":2,"featured_media":264559,"comment_status":"","ping_status":"","sticky":false,"template":"","format":"standard","meta":{"footnotes":"","_share_on_mastodon":"0"},"categories":[80],"tags":[26,27,37,33,35,34,36,31,32,52360,21,5185,766,28,29,95,19,1437,25,102788,23,24,22,20,96,30,92,93,94],"class_list":["post-264558","post","type-post","status-publish","format-standard","has-post-thumbnail","category-maailm","tag-breaking-news","tag-breakingnews","tag-ee","tag-eesti","tag-eesti-keel","tag-estonia","tag-estonian","tag-featured-news","tag-featurednews","tag-hakker","tag-headlines","tag-hubriidsoda","tag-kuberrunnak","tag-latest-news","tag-latestnews","tag-maailm","tag-news","tag-norra","tag-populaarseimad-lood","tag-server-killers","tag-top-stories","tag-topstories","tag-uldised-uudised","tag-uudised","tag-venemaa","tag-viimased-uudised","tag-world","tag-world-news","tag-worldnews"],"share_on_mastodon":{"url":"https:\/\/pubeurope.com\/@ee\/117188489575453726","error":""},"_links":{"self":[{"href":"https:\/\/www.europesays.com\/ee\/wp-json\/wp\/v2\/posts\/264558","targetHints":{"allow":["GET"]}}],"collection":[{"href":"https:\/\/www.europesays.com\/ee\/wp-json\/wp\/v2\/posts"}],"about":[{"href":"https:\/\/www.europesays.com\/ee\/wp-json\/wp\/v2\/types\/post"}],"author":[{"embeddable":true,"href":"https:\/\/www.europesays.com\/ee\/wp-json\/wp\/v2\/users\/2"}],"replies":[{"embeddable":true,"href":"https:\/\/www.europesays.com\/ee\/wp-json\/wp\/v2\/comments?post=264558"}],"version-history":[{"count":0,"href":"https:\/\/www.europesays.com\/ee\/wp-json\/wp\/v2\/posts\/264558\/revisions"}],"wp:featuredmedia":[{"embeddable":true,"href":"https:\/\/www.europesays.com\/ee\/wp-json\/wp\/v2\/media\/264559"}],"wp:attachment":[{"href":"https:\/\/www.europesays.com\/ee\/wp-json\/wp\/v2\/media?parent=264558"}],"wp:term":[{"taxonomy":"category","embeddable":true,"href":"https:\/\/www.europesays.com\/ee\/wp-json\/wp\/v2\/categories?post=264558"},{"taxonomy":"post_tag","embeddable":true,"href":"https:\/\/www.europesays.com\/ee\/wp-json\/wp\/v2\/tags?post=264558"}],"curies":[{"name":"wp","href":"https:\/\/api.w.org\/{rel}","templated":true}]}}